
{"id":81220,"date":"2019-07-26T18:40:42","date_gmt":"2019-07-26T21:40:42","guid":{"rendered":"https:\/\/www.sudoestehoje.com.br\/novoportal\/?p=81220"},"modified":"2019-07-26T18:40:42","modified_gmt":"2019-07-26T21:40:42","slug":"bolsonaro-defende-fim-de-autoescolas-voce-faz-uma-parte-escrita-e-vai-para-a-pratica","status":"publish","type":"post","link":"https:\/\/www.sudoestehoje.com.br\/novoportal\/2019\/07\/26\/bolsonaro-defende-fim-de-autoescolas-voce-faz-uma-parte-escrita-e-vai-para-a-pratica\/","title":{"rendered":"BOLSONARO DEFENDE FIM DE AUTOESCOLAS: \u201cVOC\u00ca FAZ UMA PARTE ESCRITA E VAI PARA A PR\u00c1TICA\u201d"},"content":{"rendered":"<p><a href=\"https:\/\/www.sudoestehoje.com.br\/novoportal\/wp-content\/uploads\/2019\/07\/CNH.jpg\"><img loading=\"lazy\" decoding=\"async\" class=\"aligncenter size-medium wp-image-81215\" src=\"https:\/\/www.sudoestehoje.com.br\/novoportal\/wp-content\/uploads\/2019\/07\/CNH-500x292.jpg\" alt=\"\" width=\"500\" height=\"292\" srcset=\"https:\/\/www.sudoestehoje.com.br\/novoportal\/wp-content\/uploads\/2019\/07\/CNH-500x292.jpg 500w, https:\/\/www.sudoestehoje.com.br\/novoportal\/wp-content\/uploads\/2019\/07\/CNH.jpg 548w\" sizes=\"auto, (max-width: 500px) 100vw, 500px\" \/><\/a><\/p>\n<p>O presidente Jair Bolsonaro sugeriu que n\u00e3o fosse mais obrigat\u00f3rio cursar uma auto escola para poder tirar a Carteira Nacional de Habilita\u00e7\u00e3o (CNH). A opini\u00e3o foi dita durante a live semanal que o presidente realiza na internet, nesta quinta-feira (25).<\/p>\n<div id=\"P_VARELA_NOTICIAS_OUTSTREAM09650891502883527\" class=\"ppIntext ppInsertAdTitle\" data-premium=\"\" data-adunit=\"VARELA_NOTICIAS_OUTSTREAM\" data-sizes-mobile=\"[[336,280],[300,250],[1,1]] \" data-sizes-desktop=\"[[640,360],[640,480],[580,400],[336,280],[300,250],[1,1]]\" data-type=\"outstream\" data-fetch=\"true\" data-google-query-id=\"CLOlpMvB0-MCFbOGWgUdNogIbQ\">\n<div id=\"google_ads_iframe_\/75894840\/VARELA_NOTICIAS_OUTSTREAM_0__container__\"><em>\u201cEu acho que nem deveria ter exame de nada. Voc\u00ea faz uma parte escrita e vai para a pr\u00e1tica, nem precisa cursar em autoescola\u201d<\/em>, disse Bolsonaro. \u201c<em>Com 10 anos de idade eu estava dirigindo trator na fazenda em Eldorado Paulista (SP)\u201d<\/em>, relata Bolsonaro.<\/div>\n<\/div>\n<p>A indica\u00e7\u00e3o segue as medidas realizadas pelo presidente, que enviou para C\u00e2mara dos Deputados e Senado, o fim da obrigatoriedade dos simuladores. Al\u00e9m disso, tamb\u00e9m prop\u00f4s o aumento da validade da CNH de 5 para 10 anos para adultos e 2,5 para 5 anos para idosos e o aumento de pontos para cassa\u00e7\u00e3o da carteira, de 20 para 40 pontos.<\/p>\n","protected":false},"excerpt":{"rendered":"<p>O presidente Jair Bolsonaro sugeriu que n\u00e3o fosse mais obrigat\u00f3rio cursar uma auto escola para poder tirar a Carteira Nacional de Habilita\u00e7\u00e3o (CNH). A opini\u00e3o foi dita durante a live semanal que o presidente realiza na internet, nesta quinta-feira (25). \u201cEu acho que nem deveria ter exame de nada. Voc\u00ea faz uma parte escrita e [&hellip;]<\/p>\n","protected":false},"author":2,"featured_media":81215,"comment_status":"open","ping_status":"open","sticky":false,"template":"","format":"standard","meta":{"footnotes":"","_links_to":"","_links_to_target":""},"categories":[1],"tags":[],"class_list":["post-81220","post","type-post","status-publish","format-standard","has-post-thumbnail","hentry","category-geral"],"views":794,"_links":{"self":[{"href":"https:\/\/www.sudoestehoje.com.br\/novoportal\/wp-json\/wp\/v2\/posts\/81220","targetHints":{"allow":["GET"]}}],"collection":[{"href":"https:\/\/www.sudoestehoje.com.br\/novoportal\/wp-json\/wp\/v2\/posts"}],"about":[{"href":"https:\/\/www.sudoestehoje.com.br\/novoportal\/wp-json\/wp\/v2\/types\/post"}],"author":[{"embeddable":true,"href":"https:\/\/www.sudoestehoje.com.br\/novoportal\/wp-json\/wp\/v2\/users\/2"}],"replies":[{"embeddable":true,"href":"https:\/\/www.sudoestehoje.com.br\/novoportal\/wp-json\/wp\/v2\/comments?post=81220"}],"version-history":[{"count":1,"href":"https:\/\/www.sudoestehoje.com.br\/novoportal\/wp-json\/wp\/v2\/posts\/81220\/revisions"}],"predecessor-version":[{"id":81222,"href":"https:\/\/www.sudoestehoje.com.br\/novoportal\/wp-json\/wp\/v2\/posts\/81220\/revisions\/81222"}],"wp:featuredmedia":[{"embeddable":true,"href":"https:\/\/www.sudoestehoje.com.br\/novoportal\/wp-json\/wp\/v2\/media\/81215"}],"wp:attachment":[{"href":"https:\/\/www.sudoestehoje.com.br\/novoportal\/wp-json\/wp\/v2\/media?parent=81220"}],"wp:term":[{"taxonomy":"category","embeddable":true,"href":"https:\/\/www.sudoestehoje.com.br\/novoportal\/wp-json\/wp\/v2\/categories?post=81220"},{"taxonomy":"post_tag","embeddable":true,"href":"https:\/\/www.sudoestehoje.com.br\/novoportal\/wp-json\/wp\/v2\/tags?post=81220"}],"curies":[{"name":"wp","href":"https:\/\/api.w.org\/{rel}","templated":true}]}}