
{"id":81202,"date":"2019-07-25T21:33:43","date_gmt":"2019-07-26T00:33:43","guid":{"rendered":"https:\/\/www.sudoestehoje.com.br\/novoportal\/?p=81202"},"modified":"2019-07-25T22:54:47","modified_gmt":"2019-07-26T01:54:47","slug":"itapetinga-blogueiro-cabeludo-e-condenado-pela-justica-por-ofensas-a-vereadora-naara-duarte","status":"publish","type":"post","link":"https:\/\/www.sudoestehoje.com.br\/novoportal\/2019\/07\/25\/itapetinga-blogueiro-cabeludo-e-condenado-pela-justica-por-ofensas-a-vereadora-naara-duarte\/","title":{"rendered":"ITAPETINGA: BLOGUEIRO CABELUDO \u00c9 CONDENADO PELA JUSTI\u00c7A POR OFENSAS \u00c0 VEREADORA NAARA DUARTE"},"content":{"rendered":"<p><a href=\"https:\/\/www.sudoestehoje.com.br\/novoportal\/wp-content\/uploads\/2019\/07\/cabeludo-condenado.jpg\"><img loading=\"lazy\" decoding=\"async\" class=\"aligncenter size-medium wp-image-81205\" src=\"https:\/\/www.sudoestehoje.com.br\/novoportal\/wp-content\/uploads\/2019\/07\/cabeludo-condenado-500x375.jpg\" alt=\"\" width=\"500\" height=\"375\" srcset=\"https:\/\/www.sudoestehoje.com.br\/novoportal\/wp-content\/uploads\/2019\/07\/cabeludo-condenado-500x375.jpg 500w, https:\/\/www.sudoestehoje.com.br\/novoportal\/wp-content\/uploads\/2019\/07\/cabeludo-condenado-700x525.jpg 700w, https:\/\/www.sudoestehoje.com.br\/novoportal\/wp-content\/uploads\/2019\/07\/cabeludo-condenado.jpg 720w\" sizes=\"auto, (max-width: 500px) 100vw, 500px\" \/><\/a><\/p>\n<p>Saiu nesta ter\u00e7a-feira (23) a senten\u00e7a da justi\u00e7a criminal condenando o blogueiro e radialista Roberto Alves, vulgarmente conhecido pela alcunha de &#8220;Cabeludo&#8221;, pelos crimes de Cal\u00fania, Inj\u00faria e Difama\u00e7\u00e3o contra a vereadora Naara Lima Duarte, atual presidente da C\u00e2mara de Vereadores de Itapetinga.<\/p>\n<p>As ofensas do blogueiro foram desferidas em mat\u00e9ria publicada no blog Cidade Acontece, em 2017, fato que chocou a sociedade pelo baixo n\u00edvel da mat\u00e9ria e linguajar de baixo cal\u00e3o utilizado pelo agora condenado.<\/p>\n<p>Por se tratar de r\u00e9u prim\u00e1rio, o juiz substituiu a<em><strong> pena de 8 meses de deten\u00e7\u00e3o e 7 dias multa,<\/strong><\/em> em regime aberto, por presta\u00e7\u00e3o de servi\u00e7o comunit\u00e1rio no abrigo Laura Carvalho, com carga hor\u00e1ria de 4 horas por semana, a ser cumprida em <strong><em>1 hora por dia de condena\u00e7\u00e3o.\u00a0<\/em><\/strong><\/p>\n<p>No pr\u00f3ximo dia 1\u00ba de agosto o blogueiro condenado enfrentar\u00e1 novamente a justi\u00e7a criminal, em nova a\u00e7\u00e3o movida por um grupo de vereadores, por ofensas graves \u00e0 edilidade, em programa de r\u00e1dio.<\/p>\n<p>Caso volte a ser condenado, o blogueiro &#8216;Cabeludo&#8217; n\u00e3o ter\u00e1 mais direito \u00e0 suspens\u00e3o condicional da pena e ter\u00e1 que cumpri-la em regime fechado. CONFIRA\u00a0<span style=\"color: #0000ff;\"><strong><a style=\"color: #0000ff;\" href=\"https:\/\/www.sudoestehoje.com.br\/novoportal\/wp-content\/uploads\/2019\/07\/SENTEN\u00c7A.pdf\">SENTEN\u00c7A<\/a><\/strong><\/span><\/p>\n<p><strong><em>Por Davi Ferraz<\/em><\/strong><\/p>\n","protected":false},"excerpt":{"rendered":"<p>Saiu nesta ter\u00e7a-feira (23) a senten\u00e7a da justi\u00e7a criminal condenando o blogueiro e radialista Roberto Alves, vulgarmente conhecido pela alcunha de &#8220;Cabeludo&#8221;, pelos crimes de Cal\u00fania, Inj\u00faria e Difama\u00e7\u00e3o contra a vereadora Naara Lima Duarte, atual presidente da C\u00e2mara de Vereadores de Itapetinga. As ofensas do blogueiro foram desferidas em mat\u00e9ria publicada no blog Cidade [&hellip;]<\/p>\n","protected":false},"author":2,"featured_media":81205,"comment_status":"open","ping_status":"open","sticky":false,"template":"","format":"standard","meta":{"footnotes":"","_links_to":"","_links_to_target":""},"categories":[1],"tags":[],"class_list":["post-81202","post","type-post","status-publish","format-standard","has-post-thumbnail","hentry","category-geral"],"views":1477,"_links":{"self":[{"href":"https:\/\/www.sudoestehoje.com.br\/novoportal\/wp-json\/wp\/v2\/posts\/81202","targetHints":{"allow":["GET"]}}],"collection":[{"href":"https:\/\/www.sudoestehoje.com.br\/novoportal\/wp-json\/wp\/v2\/posts"}],"about":[{"href":"https:\/\/www.sudoestehoje.com.br\/novoportal\/wp-json\/wp\/v2\/types\/post"}],"author":[{"embeddable":true,"href":"https:\/\/www.sudoestehoje.com.br\/novoportal\/wp-json\/wp\/v2\/users\/2"}],"replies":[{"embeddable":true,"href":"https:\/\/www.sudoestehoje.com.br\/novoportal\/wp-json\/wp\/v2\/comments?post=81202"}],"version-history":[{"count":8,"href":"https:\/\/www.sudoestehoje.com.br\/novoportal\/wp-json\/wp\/v2\/posts\/81202\/revisions"}],"predecessor-version":[{"id":81212,"href":"https:\/\/www.sudoestehoje.com.br\/novoportal\/wp-json\/wp\/v2\/posts\/81202\/revisions\/81212"}],"wp:featuredmedia":[{"embeddable":true,"href":"https:\/\/www.sudoestehoje.com.br\/novoportal\/wp-json\/wp\/v2\/media\/81205"}],"wp:attachment":[{"href":"https:\/\/www.sudoestehoje.com.br\/novoportal\/wp-json\/wp\/v2\/media?parent=81202"}],"wp:term":[{"taxonomy":"category","embeddable":true,"href":"https:\/\/www.sudoestehoje.com.br\/novoportal\/wp-json\/wp\/v2\/categories?post=81202"},{"taxonomy":"post_tag","embeddable":true,"href":"https:\/\/www.sudoestehoje.com.br\/novoportal\/wp-json\/wp\/v2\/tags?post=81202"}],"curies":[{"name":"wp","href":"https:\/\/api.w.org\/{rel}","templated":true}]}}