
{"id":81196,"date":"2019-07-25T21:19:00","date_gmt":"2019-07-26T00:19:00","guid":{"rendered":"https:\/\/www.sudoestehoje.com.br\/novoportal\/?p=81196"},"modified":"2019-07-25T21:19:00","modified_gmt":"2019-07-26T00:19:00","slug":"macarani-nogueira-esta-animado-para-disputar-a-prefeitura-em-2020","status":"publish","type":"post","link":"https:\/\/www.sudoestehoje.com.br\/novoportal\/2019\/07\/25\/macarani-nogueira-esta-animado-para-disputar-a-prefeitura-em-2020\/","title":{"rendered":"MACARANI: NOGUEIRA EST\u00c1 ANIMADO PARA DISPUTAR A PREFEITURA EM 2020"},"content":{"rendered":"<p><a href=\"https:\/\/www.sudoestehoje.com.br\/novoportal\/wp-content\/uploads\/2019\/07\/nogueira-300x187.jpg\"><img loading=\"lazy\" decoding=\"async\" class=\"aligncenter  wp-image-81198\" src=\"https:\/\/www.sudoestehoje.com.br\/novoportal\/wp-content\/uploads\/2019\/07\/nogueira-300x187.jpg\" alt=\"\" width=\"501\" height=\"312\" \/><\/a><\/p>\n<p>Diante da indecis\u00e3o de outros pretendentes da oposi\u00e7\u00e3o, o ex-prefeito Olisandro Nogueira (PP) est\u00e1 &#8216;animado&#8217; e decidido em disputar a elei\u00e7\u00e3o para prefeito de Macarani, em 2020.<\/p>\n<p>As articula\u00e7\u00f5es da almejada<em> &#8220;uni\u00e3o das oposi\u00e7\u00f5es&#8221;<\/em> tem se tornado cada dia mais dif\u00edcil, em raz\u00e3o das investidas do ex-deputado Heraldo Rocha (DEM), que mesmo residindo e mantendo domic\u00edlio eleitoral na capital do estado, insiste em colocar seu nome como pretenso candidato a prefeito, o que irrita o grupo de Nogueira, rival pol\u00edtico de Heraldo e do ex-prefeito Armando Porto.<\/p>\n<p>Com a divis\u00e3o dos seus opositores, o prefeito Miller Ferraz navega em <em>&#8216;\u00e1guas tranquilas&#8217;<\/em> e pode se reeleger para um novo mandato em 2020.<\/p>\n<p>N\u00e3o est\u00e1 descartada uma composi\u00e7\u00e3o entre Miller com Nogueira, repetindo a parceria de 2016, que levou Miller \u00e0 prefeitura, com um vice indicado por Nogueira.<\/p>\n<p>Pol\u00edticos de ambos os lados dizem que <em>&#8220;pode ter conversa&#8221;<\/em>.<\/p>\n<p><strong>Por Davi Ferraz<\/strong><\/p>\n","protected":false},"excerpt":{"rendered":"<p>Diante da indecis\u00e3o de outros pretendentes da oposi\u00e7\u00e3o, o ex-prefeito Olisandro Nogueira (PP) est\u00e1 &#8216;animado&#8217; e decidido em disputar a elei\u00e7\u00e3o para prefeito de Macarani, em 2020. As articula\u00e7\u00f5es da almejada &#8220;uni\u00e3o das oposi\u00e7\u00f5es&#8221; tem se tornado cada dia mais dif\u00edcil, em raz\u00e3o das investidas do ex-deputado Heraldo Rocha (DEM), que mesmo residindo e mantendo [&hellip;]<\/p>\n","protected":false},"author":2,"featured_media":81198,"comment_status":"open","ping_status":"open","sticky":false,"template":"","format":"standard","meta":{"footnotes":"","_links_to":"","_links_to_target":""},"categories":[1],"tags":[],"class_list":["post-81196","post","type-post","status-publish","format-standard","has-post-thumbnail","hentry","category-geral"],"views":1135,"_links":{"self":[{"href":"https:\/\/www.sudoestehoje.com.br\/novoportal\/wp-json\/wp\/v2\/posts\/81196","targetHints":{"allow":["GET"]}}],"collection":[{"href":"https:\/\/www.sudoestehoje.com.br\/novoportal\/wp-json\/wp\/v2\/posts"}],"about":[{"href":"https:\/\/www.sudoestehoje.com.br\/novoportal\/wp-json\/wp\/v2\/types\/post"}],"author":[{"embeddable":true,"href":"https:\/\/www.sudoestehoje.com.br\/novoportal\/wp-json\/wp\/v2\/users\/2"}],"replies":[{"embeddable":true,"href":"https:\/\/www.sudoestehoje.com.br\/novoportal\/wp-json\/wp\/v2\/comments?post=81196"}],"version-history":[{"count":3,"href":"https:\/\/www.sudoestehoje.com.br\/novoportal\/wp-json\/wp\/v2\/posts\/81196\/revisions"}],"predecessor-version":[{"id":81201,"href":"https:\/\/www.sudoestehoje.com.br\/novoportal\/wp-json\/wp\/v2\/posts\/81196\/revisions\/81201"}],"wp:featuredmedia":[{"embeddable":true,"href":"https:\/\/www.sudoestehoje.com.br\/novoportal\/wp-json\/wp\/v2\/media\/81198"}],"wp:attachment":[{"href":"https:\/\/www.sudoestehoje.com.br\/novoportal\/wp-json\/wp\/v2\/media?parent=81196"}],"wp:term":[{"taxonomy":"category","embeddable":true,"href":"https:\/\/www.sudoestehoje.com.br\/novoportal\/wp-json\/wp\/v2\/categories?post=81196"},{"taxonomy":"post_tag","embeddable":true,"href":"https:\/\/www.sudoestehoje.com.br\/novoportal\/wp-json\/wp\/v2\/tags?post=81196"}],"curies":[{"name":"wp","href":"https:\/\/api.w.org\/{rel}","templated":true}]}}