
{"id":81168,"date":"2019-07-24T22:55:14","date_gmt":"2019-07-25T01:55:14","guid":{"rendered":"https:\/\/www.sudoestehoje.com.br\/novoportal\/?p=81168"},"modified":"2019-07-24T22:57:02","modified_gmt":"2019-07-25T01:57:02","slug":"com-66-selecoes-inscritas-fbf-lanca-intermunicipal-neste-sabado","status":"publish","type":"post","link":"https:\/\/www.sudoestehoje.com.br\/novoportal\/2019\/07\/24\/com-66-selecoes-inscritas-fbf-lanca-intermunicipal-neste-sabado\/","title":{"rendered":"COM 66 SELE\u00c7\u00d5ES INSCRITAS, FBF LAN\u00c7A INTERMUNICIPAL NESTE S\u00c1BADO"},"content":{"rendered":"<p><a href=\"https:\/\/www.sudoestehoje.com.br\/novoportal\/wp-content\/uploads\/2019\/07\/ITA-8.jpg\"><img loading=\"lazy\" decoding=\"async\" class=\"aligncenter size-medium wp-image-81170\" src=\"https:\/\/www.sudoestehoje.com.br\/novoportal\/wp-content\/uploads\/2019\/07\/ITA-8-500x318.jpg\" alt=\"\" width=\"500\" height=\"318\" srcset=\"https:\/\/www.sudoestehoje.com.br\/novoportal\/wp-content\/uploads\/2019\/07\/ITA-8-500x318.jpg 500w, https:\/\/www.sudoestehoje.com.br\/novoportal\/wp-content\/uploads\/2019\/07\/ITA-8-768x488.jpg 768w, https:\/\/www.sudoestehoje.com.br\/novoportal\/wp-content\/uploads\/2019\/07\/ITA-8-700x445.jpg 700w, https:\/\/www.sudoestehoje.com.br\/novoportal\/wp-content\/uploads\/2019\/07\/ITA-8.jpg 960w\" sizes=\"auto, (max-width: 500px) 100vw, 500px\" \/><\/a><\/p>\n<p>Neste s\u00e1bado (27), a partir das 8h, em Salvador, a Federa\u00e7\u00e3o Bahiana de Futebol (FBF) vai lan\u00e7ar oficialmente a 62\u00aa edi\u00e7\u00e3o do Campeonato Intermunicipal. A maior competi\u00e7\u00e3o amadora do pa\u00eds teve 66 sele\u00e7\u00f5es inscritas para a disputa deste ano, tr\u00eas a mais do que em 2018.A atual campe\u00e3 Itamaraju tem presen\u00e7a confirmada e vai defender o t\u00edtulo.<\/p>\n<p>No evento de lan\u00e7amento, ser\u00e1 conhecida a f\u00f3rmula de disputa, a tabela completa e a divis\u00e3o regionalizada dos grupos da primeira fase.<\/p>\n<p>O Intermunicipal \u00e9 considerado uma das principais competi\u00e7\u00f5es de futebol amador do Brasil. O certame foi criado em 1946 e contribuiu para a profissionaliza\u00e7\u00e3o de v\u00e1rios atletas como Bob\u00f4, J\u00fanior Nagata, Ed\u00edlson Capetinha, Neto Berola e Li\u00e9dson.<\/p>\n<p><strong>Confira a lista das sele\u00e7\u00f5es inscritas para a disputa deste ano:<\/strong><\/p>\n<p><a href=\"https:\/\/www.sudoestehoje.com.br\/novoportal\/wp-content\/uploads\/2019\/07\/Intermunicipal-2019-participantes-Reproducao.jpg\"><img loading=\"lazy\" decoding=\"async\" class=\"aligncenter size-full wp-image-81169\" src=\"https:\/\/www.sudoestehoje.com.br\/novoportal\/wp-content\/uploads\/2019\/07\/Intermunicipal-2019-participantes-Reproducao.jpg\" alt=\"\" width=\"471\" height=\"566\" \/><\/a><\/p>\n","protected":false},"excerpt":{"rendered":"<p>Neste s\u00e1bado (27), a partir das 8h, em Salvador, a Federa\u00e7\u00e3o Bahiana de Futebol (FBF) vai lan\u00e7ar oficialmente a 62\u00aa edi\u00e7\u00e3o do Campeonato Intermunicipal. A maior competi\u00e7\u00e3o amadora do pa\u00eds teve 66 sele\u00e7\u00f5es inscritas para a disputa deste ano, tr\u00eas a mais do que em 2018.A atual campe\u00e3 Itamaraju tem presen\u00e7a confirmada e vai defender [&hellip;]<\/p>\n","protected":false},"author":2,"featured_media":81170,"comment_status":"open","ping_status":"open","sticky":false,"template":"","format":"standard","meta":{"footnotes":"","_links_to":"","_links_to_target":""},"categories":[1],"tags":[],"class_list":["post-81168","post","type-post","status-publish","format-standard","has-post-thumbnail","hentry","category-geral"],"views":814,"_links":{"self":[{"href":"https:\/\/www.sudoestehoje.com.br\/novoportal\/wp-json\/wp\/v2\/posts\/81168","targetHints":{"allow":["GET"]}}],"collection":[{"href":"https:\/\/www.sudoestehoje.com.br\/novoportal\/wp-json\/wp\/v2\/posts"}],"about":[{"href":"https:\/\/www.sudoestehoje.com.br\/novoportal\/wp-json\/wp\/v2\/types\/post"}],"author":[{"embeddable":true,"href":"https:\/\/www.sudoestehoje.com.br\/novoportal\/wp-json\/wp\/v2\/users\/2"}],"replies":[{"embeddable":true,"href":"https:\/\/www.sudoestehoje.com.br\/novoportal\/wp-json\/wp\/v2\/comments?post=81168"}],"version-history":[{"count":2,"href":"https:\/\/www.sudoestehoje.com.br\/novoportal\/wp-json\/wp\/v2\/posts\/81168\/revisions"}],"predecessor-version":[{"id":81172,"href":"https:\/\/www.sudoestehoje.com.br\/novoportal\/wp-json\/wp\/v2\/posts\/81168\/revisions\/81172"}],"wp:featuredmedia":[{"embeddable":true,"href":"https:\/\/www.sudoestehoje.com.br\/novoportal\/wp-json\/wp\/v2\/media\/81170"}],"wp:attachment":[{"href":"https:\/\/www.sudoestehoje.com.br\/novoportal\/wp-json\/wp\/v2\/media?parent=81168"}],"wp:term":[{"taxonomy":"category","embeddable":true,"href":"https:\/\/www.sudoestehoje.com.br\/novoportal\/wp-json\/wp\/v2\/categories?post=81168"},{"taxonomy":"post_tag","embeddable":true,"href":"https:\/\/www.sudoestehoje.com.br\/novoportal\/wp-json\/wp\/v2\/tags?post=81168"}],"curies":[{"name":"wp","href":"https:\/\/api.w.org\/{rel}","templated":true}]}}