
{"id":81164,"date":"2019-07-24T21:19:58","date_gmt":"2019-07-25T00:19:58","guid":{"rendered":"https:\/\/www.sudoestehoje.com.br\/novoportal\/?p=81164"},"modified":"2019-07-24T21:19:58","modified_gmt":"2019-07-25T00:19:58","slug":"prefeitura-de-itarantim-abre-concurso-publico-para-preencher-82-vagas","status":"publish","type":"post","link":"https:\/\/www.sudoestehoje.com.br\/novoportal\/2019\/07\/24\/prefeitura-de-itarantim-abre-concurso-publico-para-preencher-82-vagas\/","title":{"rendered":"PREFEITURA DE ITARANTIM ABRE CONCURSO P\u00daBLICO PARA PREENCHER 82 VAGAS"},"content":{"rendered":"<p><a href=\"https:\/\/www.sudoestehoje.com.br\/novoportal\/wp-content\/uploads\/2019\/07\/Prefeitura-de-Itarantim-580x388.jpg\"><img loading=\"lazy\" decoding=\"async\" class=\"aligncenter size-medium wp-image-81166\" src=\"https:\/\/www.sudoestehoje.com.br\/novoportal\/wp-content\/uploads\/2019\/07\/Prefeitura-de-Itarantim-580x388-500x334.jpg\" alt=\"\" width=\"500\" height=\"334\" srcset=\"https:\/\/www.sudoestehoje.com.br\/novoportal\/wp-content\/uploads\/2019\/07\/Prefeitura-de-Itarantim-580x388-500x334.jpg 500w, https:\/\/www.sudoestehoje.com.br\/novoportal\/wp-content\/uploads\/2019\/07\/Prefeitura-de-Itarantim-580x388.jpg 580w\" sizes=\"auto, (max-width: 500px) 100vw, 500px\" \/><\/a><\/p>\n<p>A Prefeitura de Itarantim, na regi\u00e3o sudoeste da Bahia, est\u00e1 com inscri\u00e7\u00f5es abertas para concurso p\u00fablico que visa o preenchimento de vagas em diversas \u00e1reas. As oportunidades s\u00e3o para os n\u00edveis de escolaridade fundamental completo, m\u00e9dio (t\u00e9cnico) e superior. O sal\u00e1rio varia de R$ 998 a R$ 3,5 mil para jornada de 40 horas semanais de trabalho.<\/p>\n<p>De acordo com o edital, o candidato tem at\u00e9 o dia 6 de agosto para se inscrever, inclusivamente, pela internet (veja os endere\u00e7os no final do texto). As taxas de inscri\u00e7\u00e3o s\u00e3o de R$ 60 (para os cargos de n\u00edvel fundamental), R$ 85 para m\u00e9dio e t\u00e9cnico e R$ 110,00 para as vagas que exigem curso superior dos candidatos.<\/p>\n<p>O concurso ter\u00e1 validade de um ano, podendo ser prorrogado por igual per\u00edodo. As provas objetivas ser\u00e3o aplicadas no dia 8 de setembro, em etapa \u00fanica para alguns cargos. Para outros, haver\u00e1 prova de t\u00edtulos de car\u00e1ter classificat\u00f3rio. \/\/Pimenta<\/p>\n<p><a href=\"https:\/\/concursos.msconc.com.br\/uploads\/45\/concursos\/67\/anexos\/65156855e103dd256261395cda4bf6b1.pdf\" target=\"_blank\" rel=\"noopener noreferrer\"><strong>Acesse o edital aqui.\u00a0<\/strong><\/a><a href=\"https:\/\/concursos.msconc.com.br\/informacoes\/67\/\" target=\"_blank\" rel=\"noopener noreferrer\"><strong>Outras informa\u00e7\u00f5es e inscri\u00e7\u00f5es aqui.<\/strong><\/a><\/p>\n","protected":false},"excerpt":{"rendered":"<p>A Prefeitura de Itarantim, na regi\u00e3o sudoeste da Bahia, est\u00e1 com inscri\u00e7\u00f5es abertas para concurso p\u00fablico que visa o preenchimento de vagas em diversas \u00e1reas. As oportunidades s\u00e3o para os n\u00edveis de escolaridade fundamental completo, m\u00e9dio (t\u00e9cnico) e superior. O sal\u00e1rio varia de R$ 998 a R$ 3,5 mil para jornada de 40 horas semanais [&hellip;]<\/p>\n","protected":false},"author":2,"featured_media":81166,"comment_status":"open","ping_status":"open","sticky":false,"template":"","format":"standard","meta":{"footnotes":"","_links_to":"","_links_to_target":""},"categories":[1],"tags":[],"class_list":["post-81164","post","type-post","status-publish","format-standard","has-post-thumbnail","hentry","category-geral"],"views":839,"_links":{"self":[{"href":"https:\/\/www.sudoestehoje.com.br\/novoportal\/wp-json\/wp\/v2\/posts\/81164","targetHints":{"allow":["GET"]}}],"collection":[{"href":"https:\/\/www.sudoestehoje.com.br\/novoportal\/wp-json\/wp\/v2\/posts"}],"about":[{"href":"https:\/\/www.sudoestehoje.com.br\/novoportal\/wp-json\/wp\/v2\/types\/post"}],"author":[{"embeddable":true,"href":"https:\/\/www.sudoestehoje.com.br\/novoportal\/wp-json\/wp\/v2\/users\/2"}],"replies":[{"embeddable":true,"href":"https:\/\/www.sudoestehoje.com.br\/novoportal\/wp-json\/wp\/v2\/comments?post=81164"}],"version-history":[{"count":2,"href":"https:\/\/www.sudoestehoje.com.br\/novoportal\/wp-json\/wp\/v2\/posts\/81164\/revisions"}],"predecessor-version":[{"id":81167,"href":"https:\/\/www.sudoestehoje.com.br\/novoportal\/wp-json\/wp\/v2\/posts\/81164\/revisions\/81167"}],"wp:featuredmedia":[{"embeddable":true,"href":"https:\/\/www.sudoestehoje.com.br\/novoportal\/wp-json\/wp\/v2\/media\/81166"}],"wp:attachment":[{"href":"https:\/\/www.sudoestehoje.com.br\/novoportal\/wp-json\/wp\/v2\/media?parent=81164"}],"wp:term":[{"taxonomy":"category","embeddable":true,"href":"https:\/\/www.sudoestehoje.com.br\/novoportal\/wp-json\/wp\/v2\/categories?post=81164"},{"taxonomy":"post_tag","embeddable":true,"href":"https:\/\/www.sudoestehoje.com.br\/novoportal\/wp-json\/wp\/v2\/tags?post=81164"}],"curies":[{"name":"wp","href":"https:\/\/api.w.org\/{rel}","templated":true}]}}