
{"id":81159,"date":"2019-07-24T17:45:37","date_gmt":"2019-07-24T20:45:37","guid":{"rendered":"https:\/\/www.sudoestehoje.com.br\/novoportal\/?p=81159"},"modified":"2019-07-24T23:28:09","modified_gmt":"2019-07-25T02:28:09","slug":"alvo-da-pf-confessou-ter-invadido-celular-de-moro-deltan-e-outras-autoridades","status":"publish","type":"post","link":"https:\/\/www.sudoestehoje.com.br\/novoportal\/2019\/07\/24\/alvo-da-pf-confessou-ter-invadido-celular-de-moro-deltan-e-outras-autoridades\/","title":{"rendered":"ALVO DA PF CONFESSOU TER INVADIDO CELULAR DE MORO, DELTAN E OUTRAS AUTORIDADES"},"content":{"rendered":"<p><a href=\"https:\/\/www.sudoestehoje.com.br\/novoportal\/wp-content\/uploads\/2019\/07\/MORO-E-DELTAN.jpg\"><img loading=\"lazy\" decoding=\"async\" class=\"aligncenter size-medium wp-image-81162\" src=\"https:\/\/www.sudoestehoje.com.br\/novoportal\/wp-content\/uploads\/2019\/07\/MORO-E-DELTAN-500x301.jpg\" alt=\"\" width=\"500\" height=\"301\" srcset=\"https:\/\/www.sudoestehoje.com.br\/novoportal\/wp-content\/uploads\/2019\/07\/MORO-E-DELTAN-500x301.jpg 500w, https:\/\/www.sudoestehoje.com.br\/novoportal\/wp-content\/uploads\/2019\/07\/MORO-E-DELTAN.jpg 645w\" sizes=\"auto, (max-width: 500px) 100vw, 500px\" \/><\/a><\/p>\n<p>Walter Delgatti Neto, um dos alvos da Opera\u00e7\u00e3o Spoofing, confirmou em depoimento \u00e0 Pol\u00edcia Federal ter atuado na invas\u00e3o do celular do ministro Sergio Moro, de procuradores da For\u00e7a-Tarefa da Lava-Jato, como Deltan Dallagnol, e de outras autoridades atacadas.<\/p>\n<p>Ele foi primeiro dos quatro presos a depor. Delgatti falou \u00e0 PF na noite de ontem, quando a opera\u00e7\u00e3o foi deflagrada. Nesta tarde, est\u00e1 depondo o casal Gustavo Santos e Suellen Priscila de Oliveira.<\/p>\n","protected":false},"excerpt":{"rendered":"<p>Walter Delgatti Neto, um dos alvos da Opera\u00e7\u00e3o Spoofing, confirmou em depoimento \u00e0 Pol\u00edcia Federal ter atuado na invas\u00e3o do celular do ministro Sergio Moro, de procuradores da For\u00e7a-Tarefa da Lava-Jato, como Deltan Dallagnol, e de outras autoridades atacadas. Ele foi primeiro dos quatro presos a depor. Delgatti falou \u00e0 PF na noite de ontem, [&hellip;]<\/p>\n","protected":false},"author":2,"featured_media":81162,"comment_status":"open","ping_status":"open","sticky":false,"template":"","format":"standard","meta":{"footnotes":"","_links_to":"","_links_to_target":""},"categories":[1],"tags":[],"class_list":["post-81159","post","type-post","status-publish","format-standard","has-post-thumbnail","hentry","category-geral"],"views":635,"_links":{"self":[{"href":"https:\/\/www.sudoestehoje.com.br\/novoportal\/wp-json\/wp\/v2\/posts\/81159","targetHints":{"allow":["GET"]}}],"collection":[{"href":"https:\/\/www.sudoestehoje.com.br\/novoportal\/wp-json\/wp\/v2\/posts"}],"about":[{"href":"https:\/\/www.sudoestehoje.com.br\/novoportal\/wp-json\/wp\/v2\/types\/post"}],"author":[{"embeddable":true,"href":"https:\/\/www.sudoestehoje.com.br\/novoportal\/wp-json\/wp\/v2\/users\/2"}],"replies":[{"embeddable":true,"href":"https:\/\/www.sudoestehoje.com.br\/novoportal\/wp-json\/wp\/v2\/comments?post=81159"}],"version-history":[{"count":4,"href":"https:\/\/www.sudoestehoje.com.br\/novoportal\/wp-json\/wp\/v2\/posts\/81159\/revisions"}],"predecessor-version":[{"id":81173,"href":"https:\/\/www.sudoestehoje.com.br\/novoportal\/wp-json\/wp\/v2\/posts\/81159\/revisions\/81173"}],"wp:featuredmedia":[{"embeddable":true,"href":"https:\/\/www.sudoestehoje.com.br\/novoportal\/wp-json\/wp\/v2\/media\/81162"}],"wp:attachment":[{"href":"https:\/\/www.sudoestehoje.com.br\/novoportal\/wp-json\/wp\/v2\/media?parent=81159"}],"wp:term":[{"taxonomy":"category","embeddable":true,"href":"https:\/\/www.sudoestehoje.com.br\/novoportal\/wp-json\/wp\/v2\/categories?post=81159"},{"taxonomy":"post_tag","embeddable":true,"href":"https:\/\/www.sudoestehoje.com.br\/novoportal\/wp-json\/wp\/v2\/tags?post=81159"}],"curies":[{"name":"wp","href":"https:\/\/api.w.org\/{rel}","templated":true}]}}