
{"id":81137,"date":"2019-07-22T17:59:04","date_gmt":"2019-07-22T20:59:04","guid":{"rendered":"https:\/\/www.sudoestehoje.com.br\/novoportal\/?p=81137"},"modified":"2019-07-22T17:59:04","modified_gmt":"2019-07-22T20:59:04","slug":"estamos-indo-sim-para-a-bahia-sem-problema-nenhum-diz-bolsonaro","status":"publish","type":"post","link":"https:\/\/www.sudoestehoje.com.br\/novoportal\/2019\/07\/22\/estamos-indo-sim-para-a-bahia-sem-problema-nenhum-diz-bolsonaro\/","title":{"rendered":"&#8216;ESTAMOS INDO SIM PARA A BAHIA SEM PROBLEMA NENHUM&#8217;, DIZ BOLSONARO"},"content":{"rendered":"<p><a href=\"https:\/\/www.sudoestehoje.com.br\/novoportal\/wp-content\/uploads\/2019\/07\/bolsonaro-1.jpg\"><img loading=\"lazy\" decoding=\"async\" class=\"aligncenter size-medium wp-image-81138\" src=\"https:\/\/www.sudoestehoje.com.br\/novoportal\/wp-content\/uploads\/2019\/07\/bolsonaro-1-500x350.jpg\" alt=\"\" width=\"500\" height=\"350\" srcset=\"https:\/\/www.sudoestehoje.com.br\/novoportal\/wp-content\/uploads\/2019\/07\/bolsonaro-1-500x350.jpg 500w, https:\/\/www.sudoestehoje.com.br\/novoportal\/wp-content\/uploads\/2019\/07\/bolsonaro-1.jpg 600w\" sizes=\"auto, (max-width: 500px) 100vw, 500px\" \/><\/a><\/p>\n<p>O presidente Jair Bolsonaro (PSL) voltou a comentar sobre sua ida a Vit\u00f3ria da Conquista, nesta ter\u00e7a-feira (23), para participar da inaugura\u00e7\u00e3o do novo aeroporto da cidade.<\/p>\n<p>Depois de participar de um almo\u00e7o com o Comando da Aeron\u00e1utica, o presidente disse que a inten\u00e7\u00e3o de seus opositores \u00e9 separar o Nordeste do pa\u00eds.<\/p>\n<p>\u201cVoc\u00ea j\u00e1 reparou que o pessoal fala do Nordeste como se fosse outro pa\u00eds, n\u00e9? Nordeste, Norte, Centro-oeste, Sudeste e Sul \u00e9 um pa\u00eds s\u00f3. Estamos indo sim para a Bahia, inaugura\u00e7\u00e3o do aeroporto, sem problema nenhum\u201d, falou.<\/p>\n<p>Mais cedo, o governador Rui Costa (PT)\u00a0<a href=\"https:\/\/bahia.ba\/politica\/apos-convidar-bolsonaro-rui-costa-desiste-de-ir-a-inauguracao-de-aeroporto\/\">confirmou<\/a>, por meio de nota enviada \u00e0 imprensa, a sua aus\u00eancia no evento de inaugura\u00e7\u00e3o do aeroporto.<\/p>\n","protected":false},"excerpt":{"rendered":"<p>O presidente Jair Bolsonaro (PSL) voltou a comentar sobre sua ida a Vit\u00f3ria da Conquista, nesta ter\u00e7a-feira (23), para participar da inaugura\u00e7\u00e3o do novo aeroporto da cidade. Depois de participar de um almo\u00e7o com o Comando da Aeron\u00e1utica, o presidente disse que a inten\u00e7\u00e3o de seus opositores \u00e9 separar o Nordeste do pa\u00eds. \u201cVoc\u00ea j\u00e1 [&hellip;]<\/p>\n","protected":false},"author":2,"featured_media":81138,"comment_status":"open","ping_status":"open","sticky":false,"template":"","format":"standard","meta":{"footnotes":"","_links_to":"","_links_to_target":""},"categories":[1],"tags":[],"class_list":["post-81137","post","type-post","status-publish","format-standard","has-post-thumbnail","hentry","category-geral"],"views":813,"_links":{"self":[{"href":"https:\/\/www.sudoestehoje.com.br\/novoportal\/wp-json\/wp\/v2\/posts\/81137","targetHints":{"allow":["GET"]}}],"collection":[{"href":"https:\/\/www.sudoestehoje.com.br\/novoportal\/wp-json\/wp\/v2\/posts"}],"about":[{"href":"https:\/\/www.sudoestehoje.com.br\/novoportal\/wp-json\/wp\/v2\/types\/post"}],"author":[{"embeddable":true,"href":"https:\/\/www.sudoestehoje.com.br\/novoportal\/wp-json\/wp\/v2\/users\/2"}],"replies":[{"embeddable":true,"href":"https:\/\/www.sudoestehoje.com.br\/novoportal\/wp-json\/wp\/v2\/comments?post=81137"}],"version-history":[{"count":1,"href":"https:\/\/www.sudoestehoje.com.br\/novoportal\/wp-json\/wp\/v2\/posts\/81137\/revisions"}],"predecessor-version":[{"id":81139,"href":"https:\/\/www.sudoestehoje.com.br\/novoportal\/wp-json\/wp\/v2\/posts\/81137\/revisions\/81139"}],"wp:featuredmedia":[{"embeddable":true,"href":"https:\/\/www.sudoestehoje.com.br\/novoportal\/wp-json\/wp\/v2\/media\/81138"}],"wp:attachment":[{"href":"https:\/\/www.sudoestehoje.com.br\/novoportal\/wp-json\/wp\/v2\/media?parent=81137"}],"wp:term":[{"taxonomy":"category","embeddable":true,"href":"https:\/\/www.sudoestehoje.com.br\/novoportal\/wp-json\/wp\/v2\/categories?post=81137"},{"taxonomy":"post_tag","embeddable":true,"href":"https:\/\/www.sudoestehoje.com.br\/novoportal\/wp-json\/wp\/v2\/tags?post=81137"}],"curies":[{"name":"wp","href":"https:\/\/api.w.org\/{rel}","templated":true}]}}