
{"id":81133,"date":"2019-07-22T17:36:54","date_gmt":"2019-07-22T20:36:54","guid":{"rendered":"https:\/\/www.sudoestehoje.com.br\/novoportal\/?p=81133"},"modified":"2019-07-22T17:36:54","modified_gmt":"2019-07-22T20:36:54","slug":"prefeito-de-itapetinga-foi-convidado-e-vai-a-inauguracao-do-aeroporto-de-conquista","status":"publish","type":"post","link":"https:\/\/www.sudoestehoje.com.br\/novoportal\/2019\/07\/22\/prefeito-de-itapetinga-foi-convidado-e-vai-a-inauguracao-do-aeroporto-de-conquista\/","title":{"rendered":"PREFEITO DE ITAPETINGA FOI CONVIDADO E VAI \u00c0 INAUGURA\u00c7\u00c3O DO AEROPORTO DE CONQUISTA"},"content":{"rendered":"<p><a href=\"https:\/\/www.sudoestehoje.com.br\/novoportal\/wp-content\/uploads\/2019\/07\/rodrigo-e-herzen.jpg\"><img loading=\"lazy\" decoding=\"async\" class=\"aligncenter size-medium wp-image-81135\" src=\"https:\/\/www.sudoestehoje.com.br\/novoportal\/wp-content\/uploads\/2019\/07\/rodrigo-e-herzen-500x332.jpg\" alt=\"\" width=\"500\" height=\"332\" srcset=\"https:\/\/www.sudoestehoje.com.br\/novoportal\/wp-content\/uploads\/2019\/07\/rodrigo-e-herzen-500x332.jpg 500w, https:\/\/www.sudoestehoje.com.br\/novoportal\/wp-content\/uploads\/2019\/07\/rodrigo-e-herzen.jpg 650w\" sizes=\"auto, (max-width: 500px) 100vw, 500px\" \/><\/a><\/p>\n<p>Diante das queixas de alguns prefeitos da regi\u00e3o dando conta de que n\u00e3o teriam sido convidados para a inaugura\u00e7\u00e3o do novo aeroporto de Vit\u00f3ria da Conquista, <strong><em>o Sudoeste Hoje<\/em><\/strong> entrou em contato com o prefeito de Itapetinga, Rodrigo Hagge, para saber se foi ou n\u00e3o convidado para o importante evento.<\/p>\n<p>Rodrigo Hagge confirmou que recebeu o convite especial do Cerimonial da Presid\u00eancia da Rep\u00fablica e que comparecer\u00e1 ao evento ao lado de apoiadores, que seguir\u00e3o para Vit\u00f3ria da Conquista em \u00f4nibus logo no in\u00edcio da manh\u00e3, para prestigiar o seu correligion\u00e1rio Herzem Gusm\u00e3o, prefeito de Conquista, e o presidente Jair Bolsonaro.<\/p>\n<p>O Sudoeste Hoje vai fazer a cobertura,<\/p>\n<p><strong><em>Por Davi Ferraz<\/em><\/strong><\/p>\n","protected":false},"excerpt":{"rendered":"<p>Diante das queixas de alguns prefeitos da regi\u00e3o dando conta de que n\u00e3o teriam sido convidados para a inaugura\u00e7\u00e3o do novo aeroporto de Vit\u00f3ria da Conquista, o Sudoeste Hoje entrou em contato com o prefeito de Itapetinga, Rodrigo Hagge, para saber se foi ou n\u00e3o convidado para o importante evento. Rodrigo Hagge confirmou que recebeu [&hellip;]<\/p>\n","protected":false},"author":2,"featured_media":81135,"comment_status":"open","ping_status":"open","sticky":false,"template":"","format":"standard","meta":{"footnotes":"","_links_to":"","_links_to_target":""},"categories":[1],"tags":[],"class_list":["post-81133","post","type-post","status-publish","format-standard","has-post-thumbnail","hentry","category-geral"],"views":687,"_links":{"self":[{"href":"https:\/\/www.sudoestehoje.com.br\/novoportal\/wp-json\/wp\/v2\/posts\/81133","targetHints":{"allow":["GET"]}}],"collection":[{"href":"https:\/\/www.sudoestehoje.com.br\/novoportal\/wp-json\/wp\/v2\/posts"}],"about":[{"href":"https:\/\/www.sudoestehoje.com.br\/novoportal\/wp-json\/wp\/v2\/types\/post"}],"author":[{"embeddable":true,"href":"https:\/\/www.sudoestehoje.com.br\/novoportal\/wp-json\/wp\/v2\/users\/2"}],"replies":[{"embeddable":true,"href":"https:\/\/www.sudoestehoje.com.br\/novoportal\/wp-json\/wp\/v2\/comments?post=81133"}],"version-history":[{"count":2,"href":"https:\/\/www.sudoestehoje.com.br\/novoportal\/wp-json\/wp\/v2\/posts\/81133\/revisions"}],"predecessor-version":[{"id":81136,"href":"https:\/\/www.sudoestehoje.com.br\/novoportal\/wp-json\/wp\/v2\/posts\/81133\/revisions\/81136"}],"wp:featuredmedia":[{"embeddable":true,"href":"https:\/\/www.sudoestehoje.com.br\/novoportal\/wp-json\/wp\/v2\/media\/81135"}],"wp:attachment":[{"href":"https:\/\/www.sudoestehoje.com.br\/novoportal\/wp-json\/wp\/v2\/media?parent=81133"}],"wp:term":[{"taxonomy":"category","embeddable":true,"href":"https:\/\/www.sudoestehoje.com.br\/novoportal\/wp-json\/wp\/v2\/categories?post=81133"},{"taxonomy":"post_tag","embeddable":true,"href":"https:\/\/www.sudoestehoje.com.br\/novoportal\/wp-json\/wp\/v2\/tags?post=81133"}],"curies":[{"name":"wp","href":"https:\/\/api.w.org\/{rel}","templated":true}]}}