
{"id":81130,"date":"2019-07-22T16:58:48","date_gmt":"2019-07-22T19:58:48","guid":{"rendered":"https:\/\/www.sudoestehoje.com.br\/novoportal\/?p=81130"},"modified":"2019-07-22T16:58:48","modified_gmt":"2019-07-22T19:58:48","slug":"acm-neto-confirma-presenca-na-inauguracao-do-novo-aeroporto-de-conquista","status":"publish","type":"post","link":"https:\/\/www.sudoestehoje.com.br\/novoportal\/2019\/07\/22\/acm-neto-confirma-presenca-na-inauguracao-do-novo-aeroporto-de-conquista\/","title":{"rendered":"ACM NETO CONFIRMA PRESEN\u00c7A NA INAUGURA\u00c7\u00c3O DO NOVO AEROPORTO DE CONQUISTA"},"content":{"rendered":"<p><a href=\"https:\/\/www.sudoestehoje.com.br\/novoportal\/wp-content\/uploads\/2019\/07\/NETO-VAI.jpg\"><img loading=\"lazy\" decoding=\"async\" class=\"aligncenter size-medium wp-image-81131\" src=\"https:\/\/www.sudoestehoje.com.br\/novoportal\/wp-content\/uploads\/2019\/07\/NETO-VAI-500x334.jpg\" alt=\"\" width=\"500\" height=\"334\" srcset=\"https:\/\/www.sudoestehoje.com.br\/novoportal\/wp-content\/uploads\/2019\/07\/NETO-VAI-500x334.jpg 500w, https:\/\/www.sudoestehoje.com.br\/novoportal\/wp-content\/uploads\/2019\/07\/NETO-VAI-768x513.jpg 768w, https:\/\/www.sudoestehoje.com.br\/novoportal\/wp-content\/uploads\/2019\/07\/NETO-VAI-700x467.jpg 700w, https:\/\/www.sudoestehoje.com.br\/novoportal\/wp-content\/uploads\/2019\/07\/NETO-VAI.jpg 1800w\" sizes=\"auto, (max-width: 500px) 100vw, 500px\" \/><\/a><\/p>\n<p>Momentos ap\u00f3s a desist\u00eancia do governador Rui Costa (PT), o prefeito de Salvador, ACM Neto (DEM), confirmou ao Bahia Not\u00edcias a presen\u00e7a na inaugura\u00e7\u00e3o do Aeroporto Glauber Rocha, em Vit\u00f3ria da Conquista, nesta ter\u00e7a-feira (23).<\/p>\n<p>Na \u00faltima quinta-feira (18), Neto havia j\u00e1 indicado que sua c\u00fapula j\u00e1 organizava os preparativos para que ele viajasse a Conquista. Al\u00e9m do prefeito soteropolitano, o presidente Jair Bolsonaro (PSL) estar\u00e1 presente no evento.<\/p>\n","protected":false},"excerpt":{"rendered":"<p>Momentos ap\u00f3s a desist\u00eancia do governador Rui Costa (PT), o prefeito de Salvador, ACM Neto (DEM), confirmou ao Bahia Not\u00edcias a presen\u00e7a na inaugura\u00e7\u00e3o do Aeroporto Glauber Rocha, em Vit\u00f3ria da Conquista, nesta ter\u00e7a-feira (23). Na \u00faltima quinta-feira (18), Neto havia j\u00e1 indicado que sua c\u00fapula j\u00e1 organizava os preparativos para que ele viajasse a [&hellip;]<\/p>\n","protected":false},"author":2,"featured_media":81131,"comment_status":"open","ping_status":"open","sticky":false,"template":"","format":"standard","meta":{"footnotes":"","_links_to":"","_links_to_target":""},"categories":[1],"tags":[],"class_list":["post-81130","post","type-post","status-publish","format-standard","has-post-thumbnail","hentry","category-geral"],"views":756,"_links":{"self":[{"href":"https:\/\/www.sudoestehoje.com.br\/novoportal\/wp-json\/wp\/v2\/posts\/81130","targetHints":{"allow":["GET"]}}],"collection":[{"href":"https:\/\/www.sudoestehoje.com.br\/novoportal\/wp-json\/wp\/v2\/posts"}],"about":[{"href":"https:\/\/www.sudoestehoje.com.br\/novoportal\/wp-json\/wp\/v2\/types\/post"}],"author":[{"embeddable":true,"href":"https:\/\/www.sudoestehoje.com.br\/novoportal\/wp-json\/wp\/v2\/users\/2"}],"replies":[{"embeddable":true,"href":"https:\/\/www.sudoestehoje.com.br\/novoportal\/wp-json\/wp\/v2\/comments?post=81130"}],"version-history":[{"count":1,"href":"https:\/\/www.sudoestehoje.com.br\/novoportal\/wp-json\/wp\/v2\/posts\/81130\/revisions"}],"predecessor-version":[{"id":81132,"href":"https:\/\/www.sudoestehoje.com.br\/novoportal\/wp-json\/wp\/v2\/posts\/81130\/revisions\/81132"}],"wp:featuredmedia":[{"embeddable":true,"href":"https:\/\/www.sudoestehoje.com.br\/novoportal\/wp-json\/wp\/v2\/media\/81131"}],"wp:attachment":[{"href":"https:\/\/www.sudoestehoje.com.br\/novoportal\/wp-json\/wp\/v2\/media?parent=81130"}],"wp:term":[{"taxonomy":"category","embeddable":true,"href":"https:\/\/www.sudoestehoje.com.br\/novoportal\/wp-json\/wp\/v2\/categories?post=81130"},{"taxonomy":"post_tag","embeddable":true,"href":"https:\/\/www.sudoestehoje.com.br\/novoportal\/wp-json\/wp\/v2\/tags?post=81130"}],"curies":[{"name":"wp","href":"https:\/\/api.w.org\/{rel}","templated":true}]}}