
{"id":81125,"date":"2019-07-22T16:43:42","date_gmt":"2019-07-22T19:43:42","guid":{"rendered":"https:\/\/www.sudoestehoje.com.br\/novoportal\/?p=81125"},"modified":"2019-07-22T16:43:42","modified_gmt":"2019-07-22T19:43:42","slug":"governador-rui-costa-diz-que-nao-vai-a-inauguracao-do-aeroporto-de-conquista-com-bolsonaro","status":"publish","type":"post","link":"https:\/\/www.sudoestehoje.com.br\/novoportal\/2019\/07\/22\/governador-rui-costa-diz-que-nao-vai-a-inauguracao-do-aeroporto-de-conquista-com-bolsonaro\/","title":{"rendered":"GOVERNADOR RUI COSTA DIZ QUE N\u00c3O VAI \u00c0 INAUGURA\u00c7\u00c3O DO AEROPORTO DE CONQUISTA COM BOLSONARO"},"content":{"rendered":"<div class=\"mc-column content-text active-extra-styles \" data-block-type=\"unstyled\" data-block-weight=\"37\" data-block-id=\"2\">\n<p data-track-category=\"Link no Texto\" data-track-links=\"\"><a href=\"https:\/\/www.sudoestehoje.com.br\/novoportal\/wp-content\/uploads\/2019\/07\/rui-costa-1.jpg\"><img loading=\"lazy\" decoding=\"async\" class=\"aligncenter size-medium wp-image-81128\" src=\"https:\/\/www.sudoestehoje.com.br\/novoportal\/wp-content\/uploads\/2019\/07\/rui-costa-1-500x313.jpg\" alt=\"\" width=\"500\" height=\"313\" srcset=\"https:\/\/www.sudoestehoje.com.br\/novoportal\/wp-content\/uploads\/2019\/07\/rui-costa-1-500x313.jpg 500w, https:\/\/www.sudoestehoje.com.br\/novoportal\/wp-content\/uploads\/2019\/07\/rui-costa-1-768x481.jpg 768w, https:\/\/www.sudoestehoje.com.br\/novoportal\/wp-content\/uploads\/2019\/07\/rui-costa-1-700x438.jpg 700w, https:\/\/www.sudoestehoje.com.br\/novoportal\/wp-content\/uploads\/2019\/07\/rui-costa-1.jpg 984w\" sizes=\"auto, (max-width: 500px) 100vw, 500px\" \/><\/a><\/p>\n<p class=\"content-text__container \" data-track-category=\"Link no Texto\" data-track-links=\"\">O governador da Bahia, Rui Costa (PT), anunciou, nesta segunda-feira (22), que n\u00e3o vai participar, co o presidente Jair Bolsonaro, da cerim\u00f4nia de inaugura\u00e7\u00e3o do Aeroporto Glauber Rocha, em Vit\u00f3ria da Conquista, no sudoeste do estado.<\/p>\n<\/div>\n<div class=\"wall protected-content\">\n<div class=\"mc-column content-text active-extra-styles \" data-block-type=\"unstyled\" data-block-weight=\"31\" data-block-id=\"3\">\n<p class=\"content-text__container \" data-track-category=\"Link no Texto\" data-track-links=\"\">Em um v\u00eddeo, o governador afirmou que n\u00e3o participar\u00e1 do evento porque o ato se transformou em ato pol\u00edtico-partid\u00e1rio, se referindo \u00e0 presen\u00e7a do presidente Jair Bolsonaro, que foi confirmada.<\/p>\n<div class=\"mc-column content-text active-extra-styles \" data-block-type=\"unstyled\" data-block-weight=\"68\" data-block-id=\"7\">\n<p class=\"content-text__container \" data-track-category=\"Link no Texto\" data-track-links=\"\">Ainda no v\u00eddeo, que foi publicado nas redes sociais, o governador da Bahia diz que a forma como a cerim\u00f4nia ser\u00e1 feita exclui a participa\u00e7\u00e3o do povo da inaugura\u00e7\u00e3o de um equipamento p\u00fablico. \u201cA medida anunciada \u00e9 excluir o povo da inaugura\u00e7\u00e3o, fazer uma inaugura\u00e7\u00e3o restrita a poucas pessoas, escolhidas a dedo como se fosse uma conven\u00e7\u00e3o pol\u00edtico-partid\u00e1ria. N\u00e3o posso concordar com isso\u201d, disse ao explicar a decis\u00e3o.<\/p>\n<\/div>\n<div class=\"mc-column content-text active-extra-styles \" data-block-type=\"unstyled\" data-block-weight=\"25\" data-block-id=\"8\">\n<p class=\"content-text__container \" data-track-category=\"Link no Texto\" data-track-links=\"\">O aeroporto de\u00a0<a href=\"http:\/\/g1.globo.com\/bahia\/noticia\/2014\/02\/governador-assina-documento-para-construcao-de-novo-aeroporto-na-ba.html\">Vit\u00f3ria da Conquista come\u00e7ou a ser constru\u00eddo em 2014<\/a>, durante o segundo mandato do ex-governador Jaques Wagner, com recursos estaduais e federais.<\/p>\n<\/div>\n<div class=\"mc-column content-text active-extra-styles \" data-block-type=\"unstyled\" data-block-weight=\"7\" data-block-id=\"9\">\n<p class=\"content-text__container \" data-track-category=\"Link no Texto\" data-track-links=\"\"><strong><em>Leia na \u00edntegra a fala do governador:<\/em><\/strong><\/p>\n<\/div>\n<div class=\"mc-column content-text active-extra-styles \" data-block-type=\"unstyled\" data-block-weight=\"144\" data-block-id=\"10\">\n<p class=\"content-text__container \" data-track-category=\"Link no Texto\" data-track-links=\"\"><em>&#8220;Ol\u00e1, meus amigos e amigas. Quero reafirmar o orgulho de ter nascido na Liberdade. O meu profundo orgulho de ser baiano, de ser nordestino. Nordestino que acima de tudo \u00e9 um resistente, um trabalhador. Como o povo da regi\u00e3o de Vit\u00f3ria da Conquista, que trabalhou muito durante anos para tornar esse sonho realidade, o novo aeroporto da regi\u00e3o. Exercitando o que aprendi com a minha fam\u00edlia, a gratid\u00e3o, quero aqui reconhecer aqui o papel fundamental do ex-governador Jaques Wagner que iniciou esta grande obra. Do ex-secret\u00e1rio de infraestrutura, Otto Alencar, que tamb\u00e9m participou de forma decisiva. Reconhecer o papel da presidenta Dilma Rousseff, que assinou os dois conv\u00eanios. O primeiro, da pista, no ano de 2012, e o segundo, do terminal de passageiros, j\u00e1 no ano de 2015. E quero agradecer tamb\u00e9m ao ex-governo Temer, que pagou a \u00faltima parcela, em novembro de 2018.<\/em><\/p>\n<\/div>\n<div class=\"mc-column content-text active-extra-styles \" data-block-type=\"unstyled\" data-block-weight=\"148\" data-block-id=\"11\">\n<p class=\"content-text__container \" data-track-category=\"Link no Texto\" data-track-links=\"\"><em>Exercitando a boa educa\u00e7\u00e3o que aprendi, convidei o Governo Federal a se fazer presente no ato de inaugura\u00e7\u00e3o, nesta grande festa. Infelizmente, confundiram a boa educa\u00e7\u00e3o com covardia, e desde ent\u00e3o, temos presenciado agress\u00f5es ao povo do Nordeste e ao povo da Bahia. A medida anunciada \u00e9 excluir o povo da inaugura\u00e7\u00e3o, fazer uma inaugura\u00e7\u00e3o restrita a poucas pessoas, escolhidas a dedo como se fosse uma conven\u00e7\u00e3o pol\u00edtico-partid\u00e1ria. N\u00e3o posso concordar com isso. Por isso, n\u00e3o vou comparecer \u00e0 inaugura\u00e7\u00e3o do aeroporto que o povo da Bahia construiu, que o Governo do Estado construiu. Porque entendo que o Brasil precisa de paz para crescer e para gerar emprego. Quero pedir a Deus e ao Senhor do Bonfim que continue iluminando meus passos, me dando serenidade e sa\u00fade para que eu continue trabalhando pelo povo da Bahia, pelo povo do Nordeste e pelo povo brasileiro. Que Deus nos aben\u00e7oe&#8221;.<\/em><\/p>\n<\/div>\n<div data-track-category=\"multicontent\" data-track-action=\"ultimo chunk conteudo\" data-track-noninteraction=\"false\" data-track-scroll=\"view\">\n<div class=\"content-ads content-ads--reveal\" data-block-type=\"ads\" data-block-id=\"12\">\n<div id=\"banner_materia__5518f7ed-9238-4eba-bdef-1ef6c39668fb\" class=\"tag-manager-publicidade-container mc-has-reveal mc-has-ad-lazyload tag-manager-publicidade-banner_materia__5518f7ed-9238-4eba-bdef-1ef6c39668fb tag-manager-publicidade-container--carregado tag-manager-publicidade-container--visivel\" data-id=\"banner_materia__5518f7ed-9238-4eba-bdef-1ef6c39668fb\" data-google-query-id=\"CMeVsa-jyeMCFcFkwQodecsBpA\" data-cid=\"138274197780\" data-lid=\"5116220791\"><\/div>\n<\/div>\n<\/div>\n<\/div>\n<\/div>\n","protected":false},"excerpt":{"rendered":"<p>O governador da Bahia, Rui Costa (PT), anunciou, nesta segunda-feira (22), que n\u00e3o vai participar, co o presidente Jair Bolsonaro, da cerim\u00f4nia de inaugura\u00e7\u00e3o do Aeroporto Glauber Rocha, em Vit\u00f3ria da Conquista, no sudoeste do estado. Em um v\u00eddeo, o governador afirmou que n\u00e3o participar\u00e1 do evento porque o ato se transformou em ato pol\u00edtico-partid\u00e1rio, [&hellip;]<\/p>\n","protected":false},"author":2,"featured_media":81128,"comment_status":"open","ping_status":"open","sticky":false,"template":"","format":"standard","meta":{"footnotes":"","_links_to":"","_links_to_target":""},"categories":[1],"tags":[],"class_list":["post-81125","post","type-post","status-publish","format-standard","has-post-thumbnail","hentry","category-geral"],"views":727,"_links":{"self":[{"href":"https:\/\/www.sudoestehoje.com.br\/novoportal\/wp-json\/wp\/v2\/posts\/81125","targetHints":{"allow":["GET"]}}],"collection":[{"href":"https:\/\/www.sudoestehoje.com.br\/novoportal\/wp-json\/wp\/v2\/posts"}],"about":[{"href":"https:\/\/www.sudoestehoje.com.br\/novoportal\/wp-json\/wp\/v2\/types\/post"}],"author":[{"embeddable":true,"href":"https:\/\/www.sudoestehoje.com.br\/novoportal\/wp-json\/wp\/v2\/users\/2"}],"replies":[{"embeddable":true,"href":"https:\/\/www.sudoestehoje.com.br\/novoportal\/wp-json\/wp\/v2\/comments?post=81125"}],"version-history":[{"count":3,"href":"https:\/\/www.sudoestehoje.com.br\/novoportal\/wp-json\/wp\/v2\/posts\/81125\/revisions"}],"predecessor-version":[{"id":81129,"href":"https:\/\/www.sudoestehoje.com.br\/novoportal\/wp-json\/wp\/v2\/posts\/81125\/revisions\/81129"}],"wp:featuredmedia":[{"embeddable":true,"href":"https:\/\/www.sudoestehoje.com.br\/novoportal\/wp-json\/wp\/v2\/media\/81128"}],"wp:attachment":[{"href":"https:\/\/www.sudoestehoje.com.br\/novoportal\/wp-json\/wp\/v2\/media?parent=81125"}],"wp:term":[{"taxonomy":"category","embeddable":true,"href":"https:\/\/www.sudoestehoje.com.br\/novoportal\/wp-json\/wp\/v2\/categories?post=81125"},{"taxonomy":"post_tag","embeddable":true,"href":"https:\/\/www.sudoestehoje.com.br\/novoportal\/wp-json\/wp\/v2\/tags?post=81125"}],"curies":[{"name":"wp","href":"https:\/\/api.w.org\/{rel}","templated":true}]}}