
{"id":81108,"date":"2019-07-21T21:08:48","date_gmt":"2019-07-22T00:08:48","guid":{"rendered":"https:\/\/www.sudoestehoje.com.br\/novoportal\/?p=81108"},"modified":"2019-07-21T21:12:00","modified_gmt":"2019-07-22T00:12:00","slug":"rui-costa-cogita-nao-ir-a-inauguracao-do-aeroporto-de-conquista-por-hostilidades","status":"publish","type":"post","link":"https:\/\/www.sudoestehoje.com.br\/novoportal\/2019\/07\/21\/rui-costa-cogita-nao-ir-a-inauguracao-do-aeroporto-de-conquista-por-hostilidades\/","title":{"rendered":"RUI COSTA COGITA N\u00c3O IR \u00c0 INAUGURA\u00c7\u00c3O DO AEROPORTO DE CONQUISTA POR &#8220;HOSTILIDADES&#8221;"},"content":{"rendered":"<p><a href=\"https:\/\/www.sudoestehoje.com.br\/novoportal\/wp-content\/uploads\/2019\/07\/RUI-CARUARA.jpg\"><img loading=\"lazy\" decoding=\"async\" class=\"aligncenter size-medium wp-image-81111\" src=\"https:\/\/www.sudoestehoje.com.br\/novoportal\/wp-content\/uploads\/2019\/07\/RUI-CARUARA-500x281.jpg\" alt=\"\" width=\"500\" height=\"281\" srcset=\"https:\/\/www.sudoestehoje.com.br\/novoportal\/wp-content\/uploads\/2019\/07\/RUI-CARUARA-500x281.jpg 500w, https:\/\/www.sudoestehoje.com.br\/novoportal\/wp-content\/uploads\/2019\/07\/RUI-CARUARA-768x432.jpg 768w, https:\/\/www.sudoestehoje.com.br\/novoportal\/wp-content\/uploads\/2019\/07\/RUI-CARUARA-700x394.jpg 700w, https:\/\/www.sudoestehoje.com.br\/novoportal\/wp-content\/uploads\/2019\/07\/RUI-CARUARA.jpg 990w\" sizes=\"auto, (max-width: 500px) 100vw, 500px\" \/><\/a><\/p>\n<p>O governador da Bahia, Rui Costa (PT), cogita\u00a0n\u00e3o ir \u00e0 inaugura\u00e7\u00e3o do aeroporto de Vir\u00f3ria da Conquista para evitar ser &#8220;hostilizado&#8221;, segundo apurou o Bahia Not\u00edcia. O evento, que ter\u00e1 a presen\u00e7a do presidente Jair Bolsonaro (PSL), est\u00e1 previsto para acontecer nesta ter\u00e7a-feira (23).<\/p>\n<p>De acordo com a c\u00fapula do Pal\u00e1cio de Ondina, o petista baiano vai esperar uma &#8220;sinaliza\u00e7\u00e3o&#8221; do governo do Bolsonaro e a decis\u00e3o sobre a presen\u00e7a ou n\u00e3o do governador s\u00f3 deve acontecer nesta segunda-feira (22).<\/p>\n<p>Governistas dizem que esperam um &#8220;evento republicano e administrativo&#8221; mas, segundo eles, o prefeito de Vit\u00f3ria da Conquista, Herzem Gusm\u00e3o (MDB), estaria preparando um &#8220;ato pol\u00edtico&#8221; contra Rui. Segundo governistas, o emedebista mandou retirar outdoors da gest\u00e3o petista sobre o novo aeroporto. \/\/BN<\/p>\n","protected":false},"excerpt":{"rendered":"<p>O governador da Bahia, Rui Costa (PT), cogita\u00a0n\u00e3o ir \u00e0 inaugura\u00e7\u00e3o do aeroporto de Vir\u00f3ria da Conquista para evitar ser &#8220;hostilizado&#8221;, segundo apurou o Bahia Not\u00edcia. O evento, que ter\u00e1 a presen\u00e7a do presidente Jair Bolsonaro (PSL), est\u00e1 previsto para acontecer nesta ter\u00e7a-feira (23). De acordo com a c\u00fapula do Pal\u00e1cio de Ondina, o petista [&hellip;]<\/p>\n","protected":false},"author":2,"featured_media":81111,"comment_status":"open","ping_status":"open","sticky":false,"template":"","format":"standard","meta":{"footnotes":"","_links_to":"","_links_to_target":""},"categories":[1],"tags":[],"class_list":["post-81108","post","type-post","status-publish","format-standard","has-post-thumbnail","hentry","category-geral"],"views":725,"_links":{"self":[{"href":"https:\/\/www.sudoestehoje.com.br\/novoportal\/wp-json\/wp\/v2\/posts\/81108","targetHints":{"allow":["GET"]}}],"collection":[{"href":"https:\/\/www.sudoestehoje.com.br\/novoportal\/wp-json\/wp\/v2\/posts"}],"about":[{"href":"https:\/\/www.sudoestehoje.com.br\/novoportal\/wp-json\/wp\/v2\/types\/post"}],"author":[{"embeddable":true,"href":"https:\/\/www.sudoestehoje.com.br\/novoportal\/wp-json\/wp\/v2\/users\/2"}],"replies":[{"embeddable":true,"href":"https:\/\/www.sudoestehoje.com.br\/novoportal\/wp-json\/wp\/v2\/comments?post=81108"}],"version-history":[{"count":6,"href":"https:\/\/www.sudoestehoje.com.br\/novoportal\/wp-json\/wp\/v2\/posts\/81108\/revisions"}],"predecessor-version":[{"id":81115,"href":"https:\/\/www.sudoestehoje.com.br\/novoportal\/wp-json\/wp\/v2\/posts\/81108\/revisions\/81115"}],"wp:featuredmedia":[{"embeddable":true,"href":"https:\/\/www.sudoestehoje.com.br\/novoportal\/wp-json\/wp\/v2\/media\/81111"}],"wp:attachment":[{"href":"https:\/\/www.sudoestehoje.com.br\/novoportal\/wp-json\/wp\/v2\/media?parent=81108"}],"wp:term":[{"taxonomy":"category","embeddable":true,"href":"https:\/\/www.sudoestehoje.com.br\/novoportal\/wp-json\/wp\/v2\/categories?post=81108"},{"taxonomy":"post_tag","embeddable":true,"href":"https:\/\/www.sudoestehoje.com.br\/novoportal\/wp-json\/wp\/v2\/tags?post=81108"}],"curies":[{"name":"wp","href":"https:\/\/api.w.org\/{rel}","templated":true}]}}