
{"id":81103,"date":"2019-07-21T17:58:57","date_gmt":"2019-07-21T20:58:57","guid":{"rendered":"https:\/\/www.sudoestehoje.com.br\/novoportal\/?p=81103"},"modified":"2019-07-21T17:58:57","modified_gmt":"2019-07-21T20:58:57","slug":"com-medo-de-vaias-rosemberg-sugere-que-rui-nao-compareca-a-inauguracao-do-aeroporto-de-conquista","status":"publish","type":"post","link":"https:\/\/www.sudoestehoje.com.br\/novoportal\/2019\/07\/21\/com-medo-de-vaias-rosemberg-sugere-que-rui-nao-compareca-a-inauguracao-do-aeroporto-de-conquista\/","title":{"rendered":"COM MEDO DE VAIAS, ROSEMBERG SUGERE QUE RUI N\u00c3O COMPARE\u00c7A \u00c0 INAUGURA\u00c7\u00c3O DO AEROPORTO DE CONQUISTA"},"content":{"rendered":"<p><a href=\"https:\/\/www.sudoestehoje.com.br\/novoportal\/wp-content\/uploads\/2019\/07\/ROSEMBERG-AEROPORTO-CONQ.jpg\"><img loading=\"lazy\" decoding=\"async\" class=\"aligncenter  wp-image-81105\" src=\"https:\/\/www.sudoestehoje.com.br\/novoportal\/wp-content\/uploads\/2019\/07\/ROSEMBERG-AEROPORTO-CONQ.jpg\" alt=\"\" width=\"500\" height=\"280\" \/><\/a><\/p>\n<p>O l\u00edder do governo na Assembleia Legislativa da Bahia (AL-BA), Rosemberg Pinto (PT), defendeu, neste domingo (21), que o governador Rui Costa (PT) n\u00e3o participe do ato de inaugura\u00e7\u00e3o do novo aeroporto de Vit\u00f3ria da Conquista, marcado para a pr\u00f3xima ter\u00e7a-feira (23), com a presen\u00e7a do presidente\u00a0Jair Bolsonaro (PSL).<\/p>\n<p>Segundo o parlamentar petista, dos 300 convidados, Rui Costa ter\u00e1 direito a chamar \u201capenas\u201d 70 pessoas.\u201d[Rui tem que cancelar a participa\u00e7\u00e3o] primeiro pela deseleg\u00e2ncia e preconceito do presidente contra os governadores do Nordeste. Segundo, Bolsonaro quer organizar um evento s\u00f3 para a elite. N\u00f3s queremos uma cerim\u00f4nia para o povo\u201d, ressaltou.<\/p>\n<p>Rosemberg afirmou, ainda, que o prefeito de Vit\u00f3ria da Conquista, H\u00e9rzem Gusm\u00e3o (MDB), ter\u00e1 direito a 50 convidados, e Bolsonaro outros 150 convidados, al\u00e9m de 30 jornalistas. <em><strong>\u201cOu seja, ser\u00e3o 200 pessoas para vaiar o governador Rui Costa\u201d<\/strong><\/em>, ressaltou.<\/p>\n<p>Para o petista, Rui deve realizar um ato de inaugura\u00e7\u00e3o ap\u00f3s o evento organizado pelo presidente. \u201cO ato poder\u00e1 ser na parte da tarde do dia 23, ou no dia 24 ou 25, quando o aeroporto come\u00e7ar\u00e1 a operar voos comerciais para S\u00e3o Paulo e Minas Gerais\u201d, sugeriu. \/\/<strong><em>Bahia Not\u00edcias<\/em><\/strong><\/p>\n","protected":false},"excerpt":{"rendered":"<p>O l\u00edder do governo na Assembleia Legislativa da Bahia (AL-BA), Rosemberg Pinto (PT), defendeu, neste domingo (21), que o governador Rui Costa (PT) n\u00e3o participe do ato de inaugura\u00e7\u00e3o do novo aeroporto de Vit\u00f3ria da Conquista, marcado para a pr\u00f3xima ter\u00e7a-feira (23), com a presen\u00e7a do presidente\u00a0Jair Bolsonaro (PSL). Segundo o parlamentar petista, dos 300 [&hellip;]<\/p>\n","protected":false},"author":2,"featured_media":81105,"comment_status":"open","ping_status":"open","sticky":false,"template":"","format":"standard","meta":{"footnotes":"","_links_to":"","_links_to_target":""},"categories":[1],"tags":[],"class_list":["post-81103","post","type-post","status-publish","format-standard","has-post-thumbnail","hentry","category-geral"],"views":689,"_links":{"self":[{"href":"https:\/\/www.sudoestehoje.com.br\/novoportal\/wp-json\/wp\/v2\/posts\/81103","targetHints":{"allow":["GET"]}}],"collection":[{"href":"https:\/\/www.sudoestehoje.com.br\/novoportal\/wp-json\/wp\/v2\/posts"}],"about":[{"href":"https:\/\/www.sudoestehoje.com.br\/novoportal\/wp-json\/wp\/v2\/types\/post"}],"author":[{"embeddable":true,"href":"https:\/\/www.sudoestehoje.com.br\/novoportal\/wp-json\/wp\/v2\/users\/2"}],"replies":[{"embeddable":true,"href":"https:\/\/www.sudoestehoje.com.br\/novoportal\/wp-json\/wp\/v2\/comments?post=81103"}],"version-history":[{"count":3,"href":"https:\/\/www.sudoestehoje.com.br\/novoportal\/wp-json\/wp\/v2\/posts\/81103\/revisions"}],"predecessor-version":[{"id":81107,"href":"https:\/\/www.sudoestehoje.com.br\/novoportal\/wp-json\/wp\/v2\/posts\/81103\/revisions\/81107"}],"wp:featuredmedia":[{"embeddable":true,"href":"https:\/\/www.sudoestehoje.com.br\/novoportal\/wp-json\/wp\/v2\/media\/81105"}],"wp:attachment":[{"href":"https:\/\/www.sudoestehoje.com.br\/novoportal\/wp-json\/wp\/v2\/media?parent=81103"}],"wp:term":[{"taxonomy":"category","embeddable":true,"href":"https:\/\/www.sudoestehoje.com.br\/novoportal\/wp-json\/wp\/v2\/categories?post=81103"},{"taxonomy":"post_tag","embeddable":true,"href":"https:\/\/www.sudoestehoje.com.br\/novoportal\/wp-json\/wp\/v2\/tags?post=81103"}],"curies":[{"name":"wp","href":"https:\/\/api.w.org\/{rel}","templated":true}]}}