
{"id":81095,"date":"2019-07-21T17:44:48","date_gmt":"2019-07-21T20:44:48","guid":{"rendered":"https:\/\/www.sudoestehoje.com.br\/novoportal\/?p=81095"},"modified":"2019-07-21T17:47:38","modified_gmt":"2019-07-21T20:47:38","slug":"conquista-prefeitura-divulga-detalhes-da-solenidade-de-entrega-do-novo-aeroporto","status":"publish","type":"post","link":"https:\/\/www.sudoestehoje.com.br\/novoportal\/2019\/07\/21\/conquista-prefeitura-divulga-detalhes-da-solenidade-de-entrega-do-novo-aeroporto\/","title":{"rendered":"CONQUISTA: PREFEITURA DIVULGA DETALHES DA SOLENIDADE DE ENTREGA DO NOVO AEROPORTO"},"content":{"rendered":"<p><a href=\"https:\/\/www.sudoestehoje.com.br\/novoportal\/wp-content\/uploads\/2019\/07\/AERO-3.jpeg\"><img loading=\"lazy\" decoding=\"async\" class=\"aligncenter size-medium wp-image-81100\" src=\"https:\/\/www.sudoestehoje.com.br\/novoportal\/wp-content\/uploads\/2019\/07\/AERO-3-500x281.jpeg\" alt=\"\" width=\"500\" height=\"281\" srcset=\"https:\/\/www.sudoestehoje.com.br\/novoportal\/wp-content\/uploads\/2019\/07\/AERO-3-500x281.jpeg 500w, https:\/\/www.sudoestehoje.com.br\/novoportal\/wp-content\/uploads\/2019\/07\/AERO-3.jpeg 768w, https:\/\/www.sudoestehoje.com.br\/novoportal\/wp-content\/uploads\/2019\/07\/AERO-3-700x394.jpeg 700w\" sizes=\"auto, (max-width: 500px) 100vw, 500px\" \/><\/a><\/p>\n<p>A presen\u00e7a do presidente da Rep\u00fablica, Jair Bolsonaro, na entrega do Aeroporto Glauber Rocha est\u00e1 confirmada. A solenidade, que acontece nesta ter\u00e7a-feira (23), est\u00e1 sendo organizada pela equipe do Cerimonial da Presid\u00eancia da Rep\u00fablica, com o apoio da Prefeitura Municipal de Vit\u00f3ria da Conquista. Neste domingo (21), foram divulgados os detalhes do evento, onde foi garantido o amplo acesso da popula\u00e7\u00e3o ao aeroporto.<\/p>\n<p>A solenidade oficial de inaugura\u00e7\u00e3o do Aeroporto ser\u00e1 realizada dentro do novo terminal de passageiros. Prevista para come\u00e7ar \u00e0s 10 horas, a cerim\u00f4nia protocolar ser\u00e1 para 500 pessoas. Entre elas estar\u00e3o convidados da Presid\u00eancia da Rep\u00fablica, do Minist\u00e9rio da Infraestrutura, do Governo do Estado, e da Prefeitura Municipal, al\u00e9m da imprensa.<a href=\"https:\/\/www.sudoestehoje.com.br\/novoportal\/wp-content\/uploads\/2019\/07\/AERO-1.jpeg\"><img loading=\"lazy\" decoding=\"async\" class=\"aligncenter size-medium wp-image-81098\" src=\"https:\/\/www.sudoestehoje.com.br\/novoportal\/wp-content\/uploads\/2019\/07\/AERO-1-500x281.jpeg\" alt=\"\" width=\"500\" height=\"281\" srcset=\"https:\/\/www.sudoestehoje.com.br\/novoportal\/wp-content\/uploads\/2019\/07\/AERO-1-500x281.jpeg 500w, https:\/\/www.sudoestehoje.com.br\/novoportal\/wp-content\/uploads\/2019\/07\/AERO-1.jpeg 768w, https:\/\/www.sudoestehoje.com.br\/novoportal\/wp-content\/uploads\/2019\/07\/AERO-1-700x394.jpeg 700w\" sizes=\"auto, (max-width: 500px) 100vw, 500px\" \/><\/a><\/p>\n<p>Na \u00e1rea externa do aeroporto, a Prefeitura montou uma estrutura com palco, tel\u00e3o e som para que o p\u00fablico possa acompanhar cada detalhe do evento. A estrutura prev\u00ea, tamb\u00e9m, que o presidente Jair Bolsonaro e as autoridades presentes fa\u00e7am pronunciamentos ao p\u00fablico ao final do protocolo cerimonial.<\/p>\n<p>\u201cEsta \u00e9 a primeira visita do presidente Jair Bolsonaro \u00e0 Bahia. Sabemos que Vit\u00f3ria da Conquista e regi\u00e3o, al\u00e9m do norte de Minas Gerais, est\u00e3o se mobilizando para participar da inaugura\u00e7\u00e3o e ver de perto o Presidente da Rep\u00fablica. Por isso, disponibilizamos uma grande estrutura para quem vier ao aeroporto poder prestigiar o evento e para que o presidente possa ter contato com todo o p\u00fablico presente\u201d, esclarece o secret\u00e1rio de Comunica\u00e7\u00e3o Mateus Novais.<a href=\"https:\/\/www.sudoestehoje.com.br\/novoportal\/wp-content\/uploads\/2019\/07\/AERO-2.jpeg\"><img loading=\"lazy\" decoding=\"async\" class=\"aligncenter size-medium wp-image-81099\" src=\"https:\/\/www.sudoestehoje.com.br\/novoportal\/wp-content\/uploads\/2019\/07\/AERO-2-500x281.jpeg\" alt=\"\" width=\"500\" height=\"281\" srcset=\"https:\/\/www.sudoestehoje.com.br\/novoportal\/wp-content\/uploads\/2019\/07\/AERO-2-500x281.jpeg 500w, https:\/\/www.sudoestehoje.com.br\/novoportal\/wp-content\/uploads\/2019\/07\/AERO-2.jpeg 768w, https:\/\/www.sudoestehoje.com.br\/novoportal\/wp-content\/uploads\/2019\/07\/AERO-2-700x394.jpeg 700w\" sizes=\"auto, (max-width: 500px) 100vw, 500px\" \/><\/a><\/p>\n<p>Para a seguran\u00e7a do evento, pontos de triagem ser\u00e3o instalados ao longo das vias interna do aeroporto e um espa\u00e7o para estacionamento de ve\u00edculos pr\u00f3ximo ao terminal de embarque est\u00e1 sendo garantido.<\/p>\n<p>O Aeroporto Glauber Rocha est\u00e1 situado na Rodovia Santos Dumont, BR-116, KM 832, S\/N, Distrito Aeroportu\u00e1rio (Igu\u00e1), em Vit\u00f3ria da Conquista\/BA.<\/p>\n","protected":false},"excerpt":{"rendered":"<p>A presen\u00e7a do presidente da Rep\u00fablica, Jair Bolsonaro, na entrega do Aeroporto Glauber Rocha est\u00e1 confirmada. A solenidade, que acontece nesta ter\u00e7a-feira (23), est\u00e1 sendo organizada pela equipe do Cerimonial da Presid\u00eancia da Rep\u00fablica, com o apoio da Prefeitura Municipal de Vit\u00f3ria da Conquista. Neste domingo (21), foram divulgados os detalhes do evento, onde foi [&hellip;]<\/p>\n","protected":false},"author":2,"featured_media":81100,"comment_status":"open","ping_status":"open","sticky":false,"template":"","format":"standard","meta":{"footnotes":"","_links_to":"","_links_to_target":""},"categories":[1],"tags":[],"class_list":["post-81095","post","type-post","status-publish","format-standard","has-post-thumbnail","hentry","category-geral"],"views":754,"_links":{"self":[{"href":"https:\/\/www.sudoestehoje.com.br\/novoportal\/wp-json\/wp\/v2\/posts\/81095","targetHints":{"allow":["GET"]}}],"collection":[{"href":"https:\/\/www.sudoestehoje.com.br\/novoportal\/wp-json\/wp\/v2\/posts"}],"about":[{"href":"https:\/\/www.sudoestehoje.com.br\/novoportal\/wp-json\/wp\/v2\/types\/post"}],"author":[{"embeddable":true,"href":"https:\/\/www.sudoestehoje.com.br\/novoportal\/wp-json\/wp\/v2\/users\/2"}],"replies":[{"embeddable":true,"href":"https:\/\/www.sudoestehoje.com.br\/novoportal\/wp-json\/wp\/v2\/comments?post=81095"}],"version-history":[{"count":4,"href":"https:\/\/www.sudoestehoje.com.br\/novoportal\/wp-json\/wp\/v2\/posts\/81095\/revisions"}],"predecessor-version":[{"id":81102,"href":"https:\/\/www.sudoestehoje.com.br\/novoportal\/wp-json\/wp\/v2\/posts\/81095\/revisions\/81102"}],"wp:featuredmedia":[{"embeddable":true,"href":"https:\/\/www.sudoestehoje.com.br\/novoportal\/wp-json\/wp\/v2\/media\/81100"}],"wp:attachment":[{"href":"https:\/\/www.sudoestehoje.com.br\/novoportal\/wp-json\/wp\/v2\/media?parent=81095"}],"wp:term":[{"taxonomy":"category","embeddable":true,"href":"https:\/\/www.sudoestehoje.com.br\/novoportal\/wp-json\/wp\/v2\/categories?post=81095"},{"taxonomy":"post_tag","embeddable":true,"href":"https:\/\/www.sudoestehoje.com.br\/novoportal\/wp-json\/wp\/v2\/tags?post=81095"}],"curies":[{"name":"wp","href":"https:\/\/api.w.org\/{rel}","templated":true}]}}