
{"id":81090,"date":"2019-07-21T17:28:13","date_gmt":"2019-07-21T20:28:13","guid":{"rendered":"https:\/\/www.sudoestehoje.com.br\/novoportal\/?p=81090"},"modified":"2019-07-21T17:28:13","modified_gmt":"2019-07-21T20:28:13","slug":"globo-rural-regiao-de-itapetinga-retoma-criacao-de-gado-4-anos-apos-seca-matar-25-do-rebanho","status":"publish","type":"post","link":"https:\/\/www.sudoestehoje.com.br\/novoportal\/2019\/07\/21\/globo-rural-regiao-de-itapetinga-retoma-criacao-de-gado-4-anos-apos-seca-matar-25-do-rebanho\/","title":{"rendered":"GLOBO RURAL: REGI\u00c3O DE ITAPETINGA RETOMA CRIA\u00c7\u00c3O DE GADO 4 ANOS AP\u00d3S SECA MATAR 25% DO REBANHO"},"content":{"rendered":"<div class=\"mc-column content-text active-extra-styles \" data-block-type=\"unstyled\" data-block-weight=\"37\" data-block-id=\"2\">\n<p data-track-category=\"Link no Texto\" data-track-links=\"\"><a href=\"https:\/\/www.sudoestehoje.com.br\/novoportal\/wp-content\/uploads\/2019\/07\/GADO.jpg\"><img loading=\"lazy\" decoding=\"async\" class=\"aligncenter size-medium wp-image-81092\" src=\"https:\/\/www.sudoestehoje.com.br\/novoportal\/wp-content\/uploads\/2019\/07\/GADO-500x281.jpg\" alt=\"\" width=\"500\" height=\"281\" srcset=\"https:\/\/www.sudoestehoje.com.br\/novoportal\/wp-content\/uploads\/2019\/07\/GADO-500x281.jpg 500w, https:\/\/www.sudoestehoje.com.br\/novoportal\/wp-content\/uploads\/2019\/07\/GADO-768x432.jpg 768w, https:\/\/www.sudoestehoje.com.br\/novoportal\/wp-content\/uploads\/2019\/07\/GADO-700x394.jpg 700w, https:\/\/www.sudoestehoje.com.br\/novoportal\/wp-content\/uploads\/2019\/07\/GADO.jpg 1280w\" sizes=\"auto, (max-width: 500px) 100vw, 500px\" \/><\/a><\/p>\n<p class=\"content-text__container \" data-track-category=\"Link no Texto\" data-track-links=\"\">Os pecuaristas do sudoeste da\u00a0Bahia est\u00e3o retomando a cria\u00e7\u00e3o do gado de corte quatro anos ap\u00f3s uma grande seca na regi\u00e3o matar mais de 160 mil cabe\u00e7as, cerca de 25% do rebanho local na \u00e9poca.<\/p>\n<\/div>\n<div class=\"wall protected-content\">\n<div class=\"mc-column content-text active-extra-styles \" data-block-type=\"unstyled\" data-block-weight=\"40\" data-block-id=\"3\">\n<p class=\"content-text__container \" data-track-category=\"Link no Texto\" data-track-links=\"\">O trabalho de recupera\u00e7\u00e3o vem como resposta a um dos per\u00edodos mais cr\u00edticos da pecu\u00e1ria na regi\u00e3o. A estiagem for\u00e7ou mudan\u00e7as no manejo. Hoje, os produtores conseguem engordar o gado com mais agilidade e ter o dinheiro na m\u00e3o rapidamente.<\/p>\n<\/div>\n<div class=\"mc-column content-text active-extra-styles \" data-block-type=\"unstyled\" data-block-weight=\"50\" data-block-id=\"4\">\n<p class=\"content-text__container \" data-track-category=\"Link no Texto\" data-track-links=\"\"><em>\u201cJ\u00e1 conseguimos recuperar 16% e precisamos de mais um tempo talvez tr\u00eas, quatro anos a mais para recuperar o nosso rebanho em sua totalidade. Para isso, precisa da chuva retornando para sua normalidade\u201d<\/em>, diz Marcelo Ferraz, diretor do Sindicato Rural de<strong>\u00a0Itapetinga,<\/strong> um dos 14 munic\u00edpios que comp\u00f5em a regi\u00e3o.<\/p>\n<\/div>\n<div class=\"mc-column content-text active-extra-styles \" data-block-type=\"unstyled\" data-block-weight=\"44\" data-block-id=\"5\">\n<p class=\"content-text__container \" data-track-category=\"Link no Texto\" data-track-links=\"\">Historicamente o sudoeste da Bahia n\u00e3o sofre tanto com a seca quanto o sert\u00e3o do estado. A regi\u00e3o costumava ter um \u00edndice de chuva de 900 mil\u00edmetros, mas a m\u00e9dia foi caindo ano ap\u00f3s ano at\u00e9 chegar a 185 mil\u00edmetros em 2016.<\/p>\n<\/div>\n<div class=\"mc-column content-text active-extra-styles \" data-block-type=\"unstyled\" data-block-weight=\"31\" data-block-id=\"6\">\n<p class=\"content-text__container \" data-track-category=\"Link no Texto\" data-track-links=\"\">Mesmo sem a normalidade das chuvas, o produtor Genildo Borges foi um dos que j\u00e1 conseguiram recuperar o rebanho por completo. A estrat\u00e9gia foi antecipar as vendas de parte dos animais.<strong> <a href=\"https:\/\/g1.globo.com\/economia\/agronegocios\/globo-rural\/noticia\/2019\/07\/21\/sudoeste-da-bahia-retoma-criacao-de-gado-4-anos-apos-seca-matar-25percent-do-rebanho.ghtml\">VEJA MAT\u00c9RIA COMPLETA NO G1<\/a><\/strong><\/p>\n<\/div>\n<\/div>\n","protected":false},"excerpt":{"rendered":"<p>Os pecuaristas do sudoeste da\u00a0Bahia est\u00e3o retomando a cria\u00e7\u00e3o do gado de corte quatro anos ap\u00f3s uma grande seca na regi\u00e3o matar mais de 160 mil cabe\u00e7as, cerca de 25% do rebanho local na \u00e9poca. O trabalho de recupera\u00e7\u00e3o vem como resposta a um dos per\u00edodos mais cr\u00edticos da pecu\u00e1ria na regi\u00e3o. A estiagem for\u00e7ou [&hellip;]<\/p>\n","protected":false},"author":2,"featured_media":81092,"comment_status":"open","ping_status":"open","sticky":false,"template":"","format":"standard","meta":{"footnotes":"","_links_to":"","_links_to_target":""},"categories":[1],"tags":[],"class_list":["post-81090","post","type-post","status-publish","format-standard","has-post-thumbnail","hentry","category-geral"],"views":1525,"_links":{"self":[{"href":"https:\/\/www.sudoestehoje.com.br\/novoportal\/wp-json\/wp\/v2\/posts\/81090","targetHints":{"allow":["GET"]}}],"collection":[{"href":"https:\/\/www.sudoestehoje.com.br\/novoportal\/wp-json\/wp\/v2\/posts"}],"about":[{"href":"https:\/\/www.sudoestehoje.com.br\/novoportal\/wp-json\/wp\/v2\/types\/post"}],"author":[{"embeddable":true,"href":"https:\/\/www.sudoestehoje.com.br\/novoportal\/wp-json\/wp\/v2\/users\/2"}],"replies":[{"embeddable":true,"href":"https:\/\/www.sudoestehoje.com.br\/novoportal\/wp-json\/wp\/v2\/comments?post=81090"}],"version-history":[{"count":3,"href":"https:\/\/www.sudoestehoje.com.br\/novoportal\/wp-json\/wp\/v2\/posts\/81090\/revisions"}],"predecessor-version":[{"id":81094,"href":"https:\/\/www.sudoestehoje.com.br\/novoportal\/wp-json\/wp\/v2\/posts\/81090\/revisions\/81094"}],"wp:featuredmedia":[{"embeddable":true,"href":"https:\/\/www.sudoestehoje.com.br\/novoportal\/wp-json\/wp\/v2\/media\/81092"}],"wp:attachment":[{"href":"https:\/\/www.sudoestehoje.com.br\/novoportal\/wp-json\/wp\/v2\/media?parent=81090"}],"wp:term":[{"taxonomy":"category","embeddable":true,"href":"https:\/\/www.sudoestehoje.com.br\/novoportal\/wp-json\/wp\/v2\/categories?post=81090"},{"taxonomy":"post_tag","embeddable":true,"href":"https:\/\/www.sudoestehoje.com.br\/novoportal\/wp-json\/wp\/v2\/tags?post=81090"}],"curies":[{"name":"wp","href":"https:\/\/api.w.org\/{rel}","templated":true}]}}