
{"id":81083,"date":"2019-07-20T22:20:22","date_gmt":"2019-07-21T01:20:22","guid":{"rendered":"https:\/\/www.sudoestehoje.com.br\/novoportal\/?p=81083"},"modified":"2019-07-20T22:20:22","modified_gmt":"2019-07-21T01:20:22","slug":"menino-de-14-anos-morre-apos-receber-injecao-na-upa-de-irece","status":"publish","type":"post","link":"https:\/\/www.sudoestehoje.com.br\/novoportal\/2019\/07\/20\/menino-de-14-anos-morre-apos-receber-injecao-na-upa-de-irece\/","title":{"rendered":"MENINO DE 14 ANOS MORRE AP\u00d3S RECEBER INJE\u00c7\u00c3O NA UPA DE IREC\u00ca"},"content":{"rendered":"<p><a href=\"https:\/\/www.sudoestehoje.com.br\/novoportal\/wp-content\/uploads\/2019\/07\/INJE\u00c7\u00c3O-UPA.jpg\"><img loading=\"lazy\" decoding=\"async\" class=\"aligncenter size-medium wp-image-81084\" src=\"https:\/\/www.sudoestehoje.com.br\/novoportal\/wp-content\/uploads\/2019\/07\/INJE\u00c7\u00c3O-UPA-500x291.jpg\" alt=\"\" width=\"500\" height=\"291\" srcset=\"https:\/\/www.sudoestehoje.com.br\/novoportal\/wp-content\/uploads\/2019\/07\/INJE\u00c7\u00c3O-UPA-500x291.jpg 500w, https:\/\/www.sudoestehoje.com.br\/novoportal\/wp-content\/uploads\/2019\/07\/INJE\u00c7\u00c3O-UPA.jpg 550w\" sizes=\"auto, (max-width: 500px) 100vw, 500px\" \/><\/a><\/p>\n<p>Na noite de ter\u00e7a-feira (16), Edson Junior, de 14 anos, morreu ap\u00f3s receber uma inje\u00e7\u00e3o em uma\u00a0Unidade de Pronto Atendimento de Irec\u00ea (UPA). O pai Edson F. Silva e sua esposa Ir\u00e1 levaram seu filho para a unidade de sa\u00fade. Por ser portador de anemia falciforme, o menino vinha sentindo dores, comuns durante as crises provocadas pela doen\u00e7a. Dessa vez, Junior reclamava de fortes dores no quadril.<\/p>\n<p>Ap\u00f3s a m\u00e3e alertar sobre o uso de sobre medicamentos n\u00e3o podiam ser utilizados, Edson foi atendido e medicado. Os pais do menino ficaram esperando a sua libera\u00e7\u00e3o, por\u00e9m, o m\u00e9dico que atendia a v\u00edtima disse que ele iria precisar de mais cuidados e que Junior seria encaminhado para o Hospital Regional de Irec\u00ea.<\/p>\n<p>De acordo com informa\u00e7\u00f5es do pai, um enfermeiro foi at\u00e9 o leito onde estava o filho e aplicou uma inje\u00e7\u00e3o. Ap\u00f3s o ocorrido, Edson contou que viu o filho agitar-se, ficar vermelho e come\u00e7ou a implorar ajuda a ele. Mas ele n\u00e3o resistiu.<\/p>\n<p>O CREMEB\/Irec\u00ea est\u00e1 acompanhando o caso. A Pol\u00edcia Civil abriu inqu\u00e9rito, o prazo com um prazo de 30 dias para conclus\u00e3o.<\/p>\n","protected":false},"excerpt":{"rendered":"<p>Na noite de ter\u00e7a-feira (16), Edson Junior, de 14 anos, morreu ap\u00f3s receber uma inje\u00e7\u00e3o em uma\u00a0Unidade de Pronto Atendimento de Irec\u00ea (UPA). O pai Edson F. Silva e sua esposa Ir\u00e1 levaram seu filho para a unidade de sa\u00fade. Por ser portador de anemia falciforme, o menino vinha sentindo dores, comuns durante as crises [&hellip;]<\/p>\n","protected":false},"author":2,"featured_media":81084,"comment_status":"open","ping_status":"open","sticky":false,"template":"","format":"standard","meta":{"footnotes":"","_links_to":"","_links_to_target":""},"categories":[1],"tags":[],"class_list":["post-81083","post","type-post","status-publish","format-standard","has-post-thumbnail","hentry","category-geral"],"views":1102,"_links":{"self":[{"href":"https:\/\/www.sudoestehoje.com.br\/novoportal\/wp-json\/wp\/v2\/posts\/81083","targetHints":{"allow":["GET"]}}],"collection":[{"href":"https:\/\/www.sudoestehoje.com.br\/novoportal\/wp-json\/wp\/v2\/posts"}],"about":[{"href":"https:\/\/www.sudoestehoje.com.br\/novoportal\/wp-json\/wp\/v2\/types\/post"}],"author":[{"embeddable":true,"href":"https:\/\/www.sudoestehoje.com.br\/novoportal\/wp-json\/wp\/v2\/users\/2"}],"replies":[{"embeddable":true,"href":"https:\/\/www.sudoestehoje.com.br\/novoportal\/wp-json\/wp\/v2\/comments?post=81083"}],"version-history":[{"count":1,"href":"https:\/\/www.sudoestehoje.com.br\/novoportal\/wp-json\/wp\/v2\/posts\/81083\/revisions"}],"predecessor-version":[{"id":81085,"href":"https:\/\/www.sudoestehoje.com.br\/novoportal\/wp-json\/wp\/v2\/posts\/81083\/revisions\/81085"}],"wp:featuredmedia":[{"embeddable":true,"href":"https:\/\/www.sudoestehoje.com.br\/novoportal\/wp-json\/wp\/v2\/media\/81084"}],"wp:attachment":[{"href":"https:\/\/www.sudoestehoje.com.br\/novoportal\/wp-json\/wp\/v2\/media?parent=81083"}],"wp:term":[{"taxonomy":"category","embeddable":true,"href":"https:\/\/www.sudoestehoje.com.br\/novoportal\/wp-json\/wp\/v2\/categories?post=81083"},{"taxonomy":"post_tag","embeddable":true,"href":"https:\/\/www.sudoestehoje.com.br\/novoportal\/wp-json\/wp\/v2\/tags?post=81083"}],"curies":[{"name":"wp","href":"https:\/\/api.w.org\/{rel}","templated":true}]}}