
{"id":81080,"date":"2019-07-20T21:40:44","date_gmt":"2019-07-21T00:40:44","guid":{"rendered":"https:\/\/www.sudoestehoje.com.br\/novoportal\/?p=81080"},"modified":"2019-07-20T21:40:44","modified_gmt":"2019-07-21T00:40:44","slug":"pescadores-desaparecidos-em-ilheus-sao-encontrados-pela-marinha-em-alto-mar","status":"publish","type":"post","link":"https:\/\/www.sudoestehoje.com.br\/novoportal\/2019\/07\/20\/pescadores-desaparecidos-em-ilheus-sao-encontrados-pela-marinha-em-alto-mar\/","title":{"rendered":"PESCADORES DESAPARECIDOS EM ILH\u00c9US S\u00c3O ENCONTRADOS PELA MARINHA EM ALTO MAR"},"content":{"rendered":"<p><a href=\"https:\/\/www.sudoestehoje.com.br\/novoportal\/wp-content\/uploads\/2019\/07\/pescadores-ilh.jpeg\"><img loading=\"lazy\" decoding=\"async\" class=\"aligncenter size-medium wp-image-81081\" src=\"https:\/\/www.sudoestehoje.com.br\/novoportal\/wp-content\/uploads\/2019\/07\/pescadores-ilh-500x311.jpeg\" alt=\"\" width=\"500\" height=\"311\" srcset=\"https:\/\/www.sudoestehoje.com.br\/novoportal\/wp-content\/uploads\/2019\/07\/pescadores-ilh-500x311.jpeg 500w, https:\/\/www.sudoestehoje.com.br\/novoportal\/wp-content\/uploads\/2019\/07\/pescadores-ilh-768x478.jpeg 768w, https:\/\/www.sudoestehoje.com.br\/novoportal\/wp-content\/uploads\/2019\/07\/pescadores-ilh-700x436.jpeg 700w, https:\/\/www.sudoestehoje.com.br\/novoportal\/wp-content\/uploads\/2019\/07\/pescadores-ilh.jpeg 940w\" sizes=\"auto, (max-width: 500px) 100vw, 500px\" \/><\/a><\/p>\n<p>A Marinha localizou os cinco pescadores que estavam desaparecidos desde a sexta-feira (19), em Ilh\u00e9us. Eles foram encontrados a cerca de 40 km de onde o barco estava ancorado. N\u00e3o foi informado o estado de sa\u00fade dos homens.<\/p>\n<p>O desaparecimento da embarca\u00e7\u00e3o foi registrada por volta das 12h de ontem,\u00a0registrada na Delegacia da Capitania dos Portos. Segundo informa\u00e7\u00f5es preliminares, a embarca\u00e7\u00e3o ficou \u00e0 deriva depois que o cabo, que estava amarrado a uma \u00e2ncora a 55 km da costa da cidade de Belmonte, se rompeu por volta das 12h de quinta-feira (18).<\/p>\n<p>A comunidade n\u00e1utica do local e a Corveta Caboclo, navio da Marinha do Brasil que estava atracado no porto de Ilh\u00e9us participaram da busca.<\/p>\n","protected":false},"excerpt":{"rendered":"<p>A Marinha localizou os cinco pescadores que estavam desaparecidos desde a sexta-feira (19), em Ilh\u00e9us. Eles foram encontrados a cerca de 40 km de onde o barco estava ancorado. N\u00e3o foi informado o estado de sa\u00fade dos homens. O desaparecimento da embarca\u00e7\u00e3o foi registrada por volta das 12h de ontem,\u00a0registrada na Delegacia da Capitania dos [&hellip;]<\/p>\n","protected":false},"author":2,"featured_media":81081,"comment_status":"open","ping_status":"open","sticky":false,"template":"","format":"standard","meta":{"footnotes":"","_links_to":"","_links_to_target":""},"categories":[1],"tags":[],"class_list":["post-81080","post","type-post","status-publish","format-standard","has-post-thumbnail","hentry","category-geral"],"views":734,"_links":{"self":[{"href":"https:\/\/www.sudoestehoje.com.br\/novoportal\/wp-json\/wp\/v2\/posts\/81080","targetHints":{"allow":["GET"]}}],"collection":[{"href":"https:\/\/www.sudoestehoje.com.br\/novoportal\/wp-json\/wp\/v2\/posts"}],"about":[{"href":"https:\/\/www.sudoestehoje.com.br\/novoportal\/wp-json\/wp\/v2\/types\/post"}],"author":[{"embeddable":true,"href":"https:\/\/www.sudoestehoje.com.br\/novoportal\/wp-json\/wp\/v2\/users\/2"}],"replies":[{"embeddable":true,"href":"https:\/\/www.sudoestehoje.com.br\/novoportal\/wp-json\/wp\/v2\/comments?post=81080"}],"version-history":[{"count":1,"href":"https:\/\/www.sudoestehoje.com.br\/novoportal\/wp-json\/wp\/v2\/posts\/81080\/revisions"}],"predecessor-version":[{"id":81082,"href":"https:\/\/www.sudoestehoje.com.br\/novoportal\/wp-json\/wp\/v2\/posts\/81080\/revisions\/81082"}],"wp:featuredmedia":[{"embeddable":true,"href":"https:\/\/www.sudoestehoje.com.br\/novoportal\/wp-json\/wp\/v2\/media\/81081"}],"wp:attachment":[{"href":"https:\/\/www.sudoestehoje.com.br\/novoportal\/wp-json\/wp\/v2\/media?parent=81080"}],"wp:term":[{"taxonomy":"category","embeddable":true,"href":"https:\/\/www.sudoestehoje.com.br\/novoportal\/wp-json\/wp\/v2\/categories?post=81080"},{"taxonomy":"post_tag","embeddable":true,"href":"https:\/\/www.sudoestehoje.com.br\/novoportal\/wp-json\/wp\/v2\/tags?post=81080"}],"curies":[{"name":"wp","href":"https:\/\/api.w.org\/{rel}","templated":true}]}}