
{"id":81077,"date":"2019-07-20T19:55:44","date_gmt":"2019-07-20T22:55:44","guid":{"rendered":"https:\/\/www.sudoestehoje.com.br\/novoportal\/?p=81077"},"modified":"2019-07-20T19:55:44","modified_gmt":"2019-07-20T22:55:44","slug":"divulgada-foto-de-menina-de-1-ano-morta-em-ataque-de-cao-pitbull","status":"publish","type":"post","link":"https:\/\/www.sudoestehoje.com.br\/novoportal\/2019\/07\/20\/divulgada-foto-de-menina-de-1-ano-morta-em-ataque-de-cao-pitbull\/","title":{"rendered":"DIVULGADA FOTO DE MENINA DE 1 ANO MORTA EM ATAQUE DE C\u00c3O PITBULL"},"content":{"rendered":"<p><a href=\"https:\/\/www.sudoestehoje.com.br\/novoportal\/wp-content\/uploads\/2019\/07\/ataque-pitbull.jpg\"><img loading=\"lazy\" decoding=\"async\" class=\"aligncenter  wp-image-81078\" src=\"https:\/\/www.sudoestehoje.com.br\/novoportal\/wp-content\/uploads\/2019\/07\/ataque-pitbull.jpg\" alt=\"\" width=\"499\" height=\"368\" \/><\/a><\/p>\n<p>Foi divulgada a foto da menina de 1 ano e tr\u00eas meses que morreu nesta sexta-feira (19), ap\u00f3s ser atacada por um c\u00e3o pitbull em Senhor do Bonfim, no norte da Bahia.<\/p>\n<p>Segundo o G1, o caso ocorreu dentro da casa da v\u00edtima, localizada em Itapicuru, na zona rural. A crian\u00e7a se chamava <strong><em>Laura Emanuelly de Freitas Silva<\/em><\/strong>.<\/p>\n<p>Laura estava sozinha em uma cama quando foi mordida pelo cachorro da fam\u00edlia na cabe\u00e7a. A fam\u00edlia socorreu a v\u00edtima, mas a beb\u00ea n\u00e3o resistiu aos ferimentos e morreu.<\/p>\n","protected":false},"excerpt":{"rendered":"<p>Foi divulgada a foto da menina de 1 ano e tr\u00eas meses que morreu nesta sexta-feira (19), ap\u00f3s ser atacada por um c\u00e3o pitbull em Senhor do Bonfim, no norte da Bahia. Segundo o G1, o caso ocorreu dentro da casa da v\u00edtima, localizada em Itapicuru, na zona rural. A crian\u00e7a se chamava Laura Emanuelly [&hellip;]<\/p>\n","protected":false},"author":2,"featured_media":81078,"comment_status":"open","ping_status":"open","sticky":false,"template":"","format":"standard","meta":{"footnotes":"","_links_to":"","_links_to_target":""},"categories":[1],"tags":[],"class_list":["post-81077","post","type-post","status-publish","format-standard","has-post-thumbnail","hentry","category-geral"],"views":1134,"_links":{"self":[{"href":"https:\/\/www.sudoestehoje.com.br\/novoportal\/wp-json\/wp\/v2\/posts\/81077","targetHints":{"allow":["GET"]}}],"collection":[{"href":"https:\/\/www.sudoestehoje.com.br\/novoportal\/wp-json\/wp\/v2\/posts"}],"about":[{"href":"https:\/\/www.sudoestehoje.com.br\/novoportal\/wp-json\/wp\/v2\/types\/post"}],"author":[{"embeddable":true,"href":"https:\/\/www.sudoestehoje.com.br\/novoportal\/wp-json\/wp\/v2\/users\/2"}],"replies":[{"embeddable":true,"href":"https:\/\/www.sudoestehoje.com.br\/novoportal\/wp-json\/wp\/v2\/comments?post=81077"}],"version-history":[{"count":1,"href":"https:\/\/www.sudoestehoje.com.br\/novoportal\/wp-json\/wp\/v2\/posts\/81077\/revisions"}],"predecessor-version":[{"id":81079,"href":"https:\/\/www.sudoestehoje.com.br\/novoportal\/wp-json\/wp\/v2\/posts\/81077\/revisions\/81079"}],"wp:featuredmedia":[{"embeddable":true,"href":"https:\/\/www.sudoestehoje.com.br\/novoportal\/wp-json\/wp\/v2\/media\/81078"}],"wp:attachment":[{"href":"https:\/\/www.sudoestehoje.com.br\/novoportal\/wp-json\/wp\/v2\/media?parent=81077"}],"wp:term":[{"taxonomy":"category","embeddable":true,"href":"https:\/\/www.sudoestehoje.com.br\/novoportal\/wp-json\/wp\/v2\/categories?post=81077"},{"taxonomy":"post_tag","embeddable":true,"href":"https:\/\/www.sudoestehoje.com.br\/novoportal\/wp-json\/wp\/v2\/tags?post=81077"}],"curies":[{"name":"wp","href":"https:\/\/api.w.org\/{rel}","templated":true}]}}