
{"id":81070,"date":"2019-07-19T21:24:08","date_gmt":"2019-07-20T00:24:08","guid":{"rendered":"https:\/\/www.sudoestehoje.com.br\/novoportal\/?p=81070"},"modified":"2019-07-19T21:24:08","modified_gmt":"2019-07-20T00:24:08","slug":"exclusivo-rede-varejista-le-biscuit-vai-abrir-loja-ao-lado-do-assai-em-itapetinga","status":"publish","type":"post","link":"https:\/\/www.sudoestehoje.com.br\/novoportal\/2019\/07\/19\/exclusivo-rede-varejista-le-biscuit-vai-abrir-loja-ao-lado-do-assai-em-itapetinga\/","title":{"rendered":"EXCLUSIVO: REDE VAREJISTA LE BISCUIT VAI ABRIR LOJA AO LADO DO ASSA\u00cd EM ITAPETINGA"},"content":{"rendered":"<p><a href=\"https:\/\/www.sudoestehoje.com.br\/novoportal\/wp-content\/uploads\/2019\/07\/CART\u00c3O-LE-BISCUIT5.jpg\"><img loading=\"lazy\" decoding=\"async\" class=\"aligncenter size-medium wp-image-81072\" src=\"https:\/\/www.sudoestehoje.com.br\/novoportal\/wp-content\/uploads\/2019\/07\/CART\u00c3O-LE-BISCUIT5-500x246.jpg\" alt=\"\" width=\"500\" height=\"246\" srcset=\"https:\/\/www.sudoestehoje.com.br\/novoportal\/wp-content\/uploads\/2019\/07\/CART\u00c3O-LE-BISCUIT5-500x246.jpg 500w, https:\/\/www.sudoestehoje.com.br\/novoportal\/wp-content\/uploads\/2019\/07\/CART\u00c3O-LE-BISCUIT5-768x377.jpg 768w, https:\/\/www.sudoestehoje.com.br\/novoportal\/wp-content\/uploads\/2019\/07\/CART\u00c3O-LE-BISCUIT5-700x344.jpg 700w, https:\/\/www.sudoestehoje.com.br\/novoportal\/wp-content\/uploads\/2019\/07\/CART\u00c3O-LE-BISCUIT5.jpg 796w\" sizes=\"auto, (max-width: 500px) 100vw, 500px\" \/><\/a><\/p>\n<p>A rede varejista <strong><em>Le Biscuit<\/em><\/strong> tamb\u00e9m ir\u00e1 se instalar Itapetinga, como parte da <strong><em>plataforma Assa\u00ed<\/em><\/strong>, de acordo com informa\u00e7\u00f5es colhidas em primeira m\u00e3o pelo <em>Sudoeste Hoje<\/em>, junto a fonte ligada ao novo empreendimento.<\/p>\n<p>A nova unidade do grupo <strong><em>Le Biscuit<\/em><\/strong> ser\u00e1 implantada ao lado do Atacadista Assa\u00ed, disponibilizando mais de 20 mil itens de armarinho e artesanato, beb\u00ea, bomboni\u00e9re, brinquedos, cama mesa e banho, eletroport\u00e1teis, decora\u00e7\u00e3o, festa, higiene, beleza e moda, lazer, papelaria, telefonia e utilidades do lar.<\/p>\n<p>Na Bahia, as lojas do Le Biscuit est\u00e3o distribu\u00eddas em 16 cidades: Alagoinhas, Barreiras, Cama\u00e7ari, Eun\u00e1polis, Feira de Santana, Itabuna, Jequi\u00e9, Juazeiro, Lauro de Freitas, Lu\u00eds Eduardo Magalh\u00e3es, Paulo Afonso, Salvador, Santo Ant\u00f4nio de Jesus, Sim\u00f5es Filho, Teixeira de Freitas e Vit\u00f3ria da Conquista.<\/p>\n<p>Outra loja \u00e2ncora de grande porte tamb\u00e9m vai fazer parte do Complexo Assa\u00ed e dever\u00e1 ser anunciada nos pr\u00f3ximos meses.<\/p>\n<p>Itapetinga de vento em popa&#8230;<\/p>\n<p><strong><em>Por Davi Ferraz<\/em><\/strong><\/p>\n","protected":false},"excerpt":{"rendered":"<p>A rede varejista Le Biscuit tamb\u00e9m ir\u00e1 se instalar Itapetinga, como parte da plataforma Assa\u00ed, de acordo com informa\u00e7\u00f5es colhidas em primeira m\u00e3o pelo Sudoeste Hoje, junto a fonte ligada ao novo empreendimento. A nova unidade do grupo Le Biscuit ser\u00e1 implantada ao lado do Atacadista Assa\u00ed, disponibilizando mais de 20 mil itens de armarinho [&hellip;]<\/p>\n","protected":false},"author":2,"featured_media":81072,"comment_status":"open","ping_status":"open","sticky":false,"template":"","format":"standard","meta":{"footnotes":"","_links_to":"","_links_to_target":""},"categories":[1],"tags":[],"class_list":["post-81070","post","type-post","status-publish","format-standard","has-post-thumbnail","hentry","category-geral"],"views":1599,"_links":{"self":[{"href":"https:\/\/www.sudoestehoje.com.br\/novoportal\/wp-json\/wp\/v2\/posts\/81070","targetHints":{"allow":["GET"]}}],"collection":[{"href":"https:\/\/www.sudoestehoje.com.br\/novoportal\/wp-json\/wp\/v2\/posts"}],"about":[{"href":"https:\/\/www.sudoestehoje.com.br\/novoportal\/wp-json\/wp\/v2\/types\/post"}],"author":[{"embeddable":true,"href":"https:\/\/www.sudoestehoje.com.br\/novoportal\/wp-json\/wp\/v2\/users\/2"}],"replies":[{"embeddable":true,"href":"https:\/\/www.sudoestehoje.com.br\/novoportal\/wp-json\/wp\/v2\/comments?post=81070"}],"version-history":[{"count":4,"href":"https:\/\/www.sudoestehoje.com.br\/novoportal\/wp-json\/wp\/v2\/posts\/81070\/revisions"}],"predecessor-version":[{"id":81075,"href":"https:\/\/www.sudoestehoje.com.br\/novoportal\/wp-json\/wp\/v2\/posts\/81070\/revisions\/81075"}],"wp:featuredmedia":[{"embeddable":true,"href":"https:\/\/www.sudoestehoje.com.br\/novoportal\/wp-json\/wp\/v2\/media\/81072"}],"wp:attachment":[{"href":"https:\/\/www.sudoestehoje.com.br\/novoportal\/wp-json\/wp\/v2\/media?parent=81070"}],"wp:term":[{"taxonomy":"category","embeddable":true,"href":"https:\/\/www.sudoestehoje.com.br\/novoportal\/wp-json\/wp\/v2\/categories?post=81070"},{"taxonomy":"post_tag","embeddable":true,"href":"https:\/\/www.sudoestehoje.com.br\/novoportal\/wp-json\/wp\/v2\/tags?post=81070"}],"curies":[{"name":"wp","href":"https:\/\/api.w.org\/{rel}","templated":true}]}}