
{"id":81065,"date":"2019-07-19T18:27:19","date_gmt":"2019-07-19T21:27:19","guid":{"rendered":"https:\/\/www.sudoestehoje.com.br\/novoportal\/?p=81065"},"modified":"2019-07-19T18:27:19","modified_gmt":"2019-07-19T21:27:19","slug":"goleiro-bruno-consegue-progressao-e-vai-cumprir-pena-no-regime-semiaberto","status":"publish","type":"post","link":"https:\/\/www.sudoestehoje.com.br\/novoportal\/2019\/07\/19\/goleiro-bruno-consegue-progressao-e-vai-cumprir-pena-no-regime-semiaberto\/","title":{"rendered":"GOLEIRO BRUNO CONSEGUE PROGRESS\u00c3O E VAI CUMPRIR PENA NO REGIME SEMIABERTO"},"content":{"rendered":"<p><a href=\"https:\/\/www.sudoestehoje.com.br\/novoportal\/wp-content\/uploads\/2019\/07\/BRUNO-GOLEIRO.jpg\"><img loading=\"lazy\" decoding=\"async\" class=\"aligncenter size-medium wp-image-81067\" src=\"https:\/\/www.sudoestehoje.com.br\/novoportal\/wp-content\/uploads\/2019\/07\/BRUNO-GOLEIRO-500x311.jpg\" alt=\"\" width=\"500\" height=\"311\" srcset=\"https:\/\/www.sudoestehoje.com.br\/novoportal\/wp-content\/uploads\/2019\/07\/BRUNO-GOLEIRO-500x311.jpg 500w, https:\/\/www.sudoestehoje.com.br\/novoportal\/wp-content\/uploads\/2019\/07\/BRUNO-GOLEIRO-768x478.jpg 768w, https:\/\/www.sudoestehoje.com.br\/novoportal\/wp-content\/uploads\/2019\/07\/BRUNO-GOLEIRO-700x436.jpg 700w, https:\/\/www.sudoestehoje.com.br\/novoportal\/wp-content\/uploads\/2019\/07\/BRUNO-GOLEIRO.jpg 940w\" sizes=\"auto, (max-width: 500px) 100vw, 500px\" \/><\/a><\/p>\n<p>O goleiro Bruno Fernandes, condenado por\u00a0assassinato e oculta\u00e7\u00e3o de cad\u00e1ver, obteve direito \u00e0 progress\u00e3o ao regime semiaberto. A decis\u00e3o, que saiu na quinta-feira (18), foi tomada no in\u00edcio da noite pelo juiz Tarciso Moreira de Souza, da 1\u00aa Vara Criminal e de Execu\u00e7\u00f5es Penais da comarca da cidade.<\/p>\n<p>Na decis\u00e3o, o juiz analisou o ac\u00f3rd\u00e3o do Tribunal de Justi\u00e7a de Minas Gerais (TJMG) que excluiu a falta grave que havia sido imputada a Bruno ap\u00f3s o detento ter sido flagrado na companhia de mulheres e usando celular em hor\u00e1rio que deveria estar exercendo trabalho externo.<\/p>\n<p>De acordo com o portal G1, que teve acesso a decis\u00e3o, o juiz considerou que, com a exclus\u00e3o da falta, Bruno \u201csatisfaz as exig\u00eancias subjetivas e objetivas para a concess\u00e3o da progress\u00e3o de regime para o semiaberto\u201d, e que \u201cj\u00e1 cumpriu o lapso temporal necess\u00e1rio da pena imposta no regime fechado\u201d.<\/p>\n<p>No documento, o juiz considera ainda que \u201ca presun\u00e7\u00e3o \u00e9 de que o reeducando j\u00e1 se encontra apto \u00e0 reinser\u00e7\u00e3o \u00e0 vida social, o que foi observado pelo atestado de conduta carcer\u00e1ria\u201d.<\/p>\n<p>Com a decis\u00e3o, Bruno agora deve passar por uma audi\u00eancia de instru\u00e7\u00e3o \u201cpara fixa\u00e7\u00e3o das condi\u00e7\u00f5es\u201d. As autoridades locais tamb\u00e9m devem ser comunicadas e orientadas a fim de que o r\u00e9u possa, assim, ter cumprido o alvar\u00e1 de soltura.<\/p>\n","protected":false},"excerpt":{"rendered":"<p>O goleiro Bruno Fernandes, condenado por\u00a0assassinato e oculta\u00e7\u00e3o de cad\u00e1ver, obteve direito \u00e0 progress\u00e3o ao regime semiaberto. A decis\u00e3o, que saiu na quinta-feira (18), foi tomada no in\u00edcio da noite pelo juiz Tarciso Moreira de Souza, da 1\u00aa Vara Criminal e de Execu\u00e7\u00f5es Penais da comarca da cidade. Na decis\u00e3o, o juiz analisou o ac\u00f3rd\u00e3o [&hellip;]<\/p>\n","protected":false},"author":2,"featured_media":81067,"comment_status":"open","ping_status":"open","sticky":false,"template":"","format":"standard","meta":{"footnotes":"","_links_to":"","_links_to_target":""},"categories":[1],"tags":[],"class_list":["post-81065","post","type-post","status-publish","format-standard","has-post-thumbnail","hentry","category-geral"],"views":865,"_links":{"self":[{"href":"https:\/\/www.sudoestehoje.com.br\/novoportal\/wp-json\/wp\/v2\/posts\/81065","targetHints":{"allow":["GET"]}}],"collection":[{"href":"https:\/\/www.sudoestehoje.com.br\/novoportal\/wp-json\/wp\/v2\/posts"}],"about":[{"href":"https:\/\/www.sudoestehoje.com.br\/novoportal\/wp-json\/wp\/v2\/types\/post"}],"author":[{"embeddable":true,"href":"https:\/\/www.sudoestehoje.com.br\/novoportal\/wp-json\/wp\/v2\/users\/2"}],"replies":[{"embeddable":true,"href":"https:\/\/www.sudoestehoje.com.br\/novoportal\/wp-json\/wp\/v2\/comments?post=81065"}],"version-history":[{"count":3,"href":"https:\/\/www.sudoestehoje.com.br\/novoportal\/wp-json\/wp\/v2\/posts\/81065\/revisions"}],"predecessor-version":[{"id":81069,"href":"https:\/\/www.sudoestehoje.com.br\/novoportal\/wp-json\/wp\/v2\/posts\/81065\/revisions\/81069"}],"wp:featuredmedia":[{"embeddable":true,"href":"https:\/\/www.sudoestehoje.com.br\/novoportal\/wp-json\/wp\/v2\/media\/81067"}],"wp:attachment":[{"href":"https:\/\/www.sudoestehoje.com.br\/novoportal\/wp-json\/wp\/v2\/media?parent=81065"}],"wp:term":[{"taxonomy":"category","embeddable":true,"href":"https:\/\/www.sudoestehoje.com.br\/novoportal\/wp-json\/wp\/v2\/categories?post=81065"},{"taxonomy":"post_tag","embeddable":true,"href":"https:\/\/www.sudoestehoje.com.br\/novoportal\/wp-json\/wp\/v2\/tags?post=81065"}],"curies":[{"name":"wp","href":"https:\/\/api.w.org\/{rel}","templated":true}]}}