
{"id":8106,"date":"2011-09-01T20:03:00","date_gmt":"2011-09-01T23:03:00","guid":{"rendered":"http:\/\/www.sudoestehoje.com.br\/novoportal\/?p=8106"},"modified":"2011-09-01T20:03:00","modified_gmt":"2011-09-01T23:03:00","slug":"angela-sousa-quer-alfredo-cabral-candidato-a-prefeito","status":"publish","type":"post","link":"https:\/\/www.sudoestehoje.com.br\/novoportal\/2011\/09\/01\/angela-sousa-quer-alfredo-cabral-candidato-a-prefeito\/","title":{"rendered":"\u00c2NGELA SOUSA QUER ALFREDO CABRAL CANDIDATO A PREFEITO"},"content":{"rendered":"<p style=\"text-align: center;\"><a href=\"http:\/\/www.sudoestehoje.com.br\/novoportal\/wp-content\/uploads\/2011\/09\/100_6275.jpg\"><img loading=\"lazy\" decoding=\"async\" class=\"aligncenter size-medium wp-image-8109\" title=\"100_6275\" src=\"http:\/\/www.sudoestehoje.com.br\/novoportal\/wp-content\/uploads\/2011\/09\/100_6275-500x375.jpg\" alt=\"\" width=\"500\" height=\"375\" srcset=\"https:\/\/www.sudoestehoje.com.br\/novoportal\/wp-content\/uploads\/2011\/09\/100_6275-500x375.jpg 500w, https:\/\/www.sudoestehoje.com.br\/novoportal\/wp-content\/uploads\/2011\/09\/100_6275-1024x768.jpg 1024w\" sizes=\"auto, (max-width: 500px) 100vw, 500px\" \/><\/a><em><strong>Vereador Alfredo Cabral ladeado por Lucas Lopes e Frederico V\u00e9sper<\/strong><\/em><\/p>\n<p>ITAPETINGA: O vereador Alfredo Cabral recebeu, nesta quarta-feira, a visita de Frederico V\u00e9sper e Lucas Lopes,\u00a0assessores e coordenadores pol\u00edticos da deputada estadual \u00c2ngela Sousa (PSC), que vieram a Itapetinga com uma miss\u00e3o especial: convencer o vereador Alfredo a aceitar o desafio de candidatar-se a prefeito, em 2012, pelo PSC, ou pelo PSD, partido para o qual a deputada \u00c2ngela pretende migrar-se, assim que o registro da nova agremia\u00e7\u00e3o for homologado pelo TSE.<\/p>\n<p>Surpreso com o convite a a manifesta\u00e7\u00e3o de apoio irrestrito da deputada e do partido, Alfredo preferiu adotar a cautela que lhe \u00e9 peculiar e aguardar o desenrolar dos acontecimentos pol\u00edticos em Itapetinga, para ent\u00e3o adotar uma posi\u00e7\u00e3o a respeito do seu futuro pol\u00edtico. A proposta da deputada \u00c2ngela deve ficar em\u00a0<em>stand by<\/em>, mas Alfredo n\u00e3o descarta nenhuma possibilidade.<\/p>\n<p><em><strong>Por DAVI FERRAZ<\/strong><\/em><\/p>\n<p><em><strong>Foto: Sudoeste Hoje<\/strong><\/em><\/p>\n","protected":false},"excerpt":{"rendered":"<p>Vereador Alfredo Cabral ladeado por Lucas Lopes e Frederico V\u00e9sper ITAPETINGA: O vereador Alfredo Cabral recebeu, nesta quarta-feira, a visita de Frederico V\u00e9sper e Lucas Lopes,\u00a0assessores e coordenadores pol\u00edticos da deputada estadual \u00c2ngela Sousa (PSC), que vieram a Itapetinga com uma miss\u00e3o especial: convencer o vereador Alfredo a aceitar o desafio de candidatar-se a prefeito, [&hellip;]<\/p>\n","protected":false},"author":2,"featured_media":0,"comment_status":"open","ping_status":"open","sticky":false,"template":"","format":"standard","meta":{"footnotes":"","_links_to":"","_links_to_target":""},"categories":[1],"tags":[],"class_list":["post-8106","post","type-post","status-publish","format-standard","hentry","category-geral"],"views":1287,"_links":{"self":[{"href":"https:\/\/www.sudoestehoje.com.br\/novoportal\/wp-json\/wp\/v2\/posts\/8106","targetHints":{"allow":["GET"]}}],"collection":[{"href":"https:\/\/www.sudoestehoje.com.br\/novoportal\/wp-json\/wp\/v2\/posts"}],"about":[{"href":"https:\/\/www.sudoestehoje.com.br\/novoportal\/wp-json\/wp\/v2\/types\/post"}],"author":[{"embeddable":true,"href":"https:\/\/www.sudoestehoje.com.br\/novoportal\/wp-json\/wp\/v2\/users\/2"}],"replies":[{"embeddable":true,"href":"https:\/\/www.sudoestehoje.com.br\/novoportal\/wp-json\/wp\/v2\/comments?post=8106"}],"version-history":[{"count":5,"href":"https:\/\/www.sudoestehoje.com.br\/novoportal\/wp-json\/wp\/v2\/posts\/8106\/revisions"}],"predecessor-version":[{"id":8112,"href":"https:\/\/www.sudoestehoje.com.br\/novoportal\/wp-json\/wp\/v2\/posts\/8106\/revisions\/8112"}],"wp:attachment":[{"href":"https:\/\/www.sudoestehoje.com.br\/novoportal\/wp-json\/wp\/v2\/media?parent=8106"}],"wp:term":[{"taxonomy":"category","embeddable":true,"href":"https:\/\/www.sudoestehoje.com.br\/novoportal\/wp-json\/wp\/v2\/categories?post=8106"},{"taxonomy":"post_tag","embeddable":true,"href":"https:\/\/www.sudoestehoje.com.br\/novoportal\/wp-json\/wp\/v2\/tags?post=8106"}],"curies":[{"name":"wp","href":"https:\/\/api.w.org\/{rel}","templated":true}]}}