
{"id":81050,"date":"2019-07-18T21:35:51","date_gmt":"2019-07-19T00:35:51","guid":{"rendered":"https:\/\/www.sudoestehoje.com.br\/novoportal\/?p=81050"},"modified":"2019-07-18T21:39:00","modified_gmt":"2019-07-19T00:39:00","slug":"morre-jai-dos-teclados-musico-querido-e-respeitado-na-regiao","status":"publish","type":"post","link":"https:\/\/www.sudoestehoje.com.br\/novoportal\/2019\/07\/18\/morre-jai-dos-teclados-musico-querido-e-respeitado-na-regiao\/","title":{"rendered":"MORRE &#8216;JAI DOS TECLADOS&#8217;, M\u00daSICO QUERIDO E RESPEITADO NA REGI\u00c3O"},"content":{"rendered":"<p><a href=\"https:\/\/www.sudoestehoje.com.br\/novoportal\/wp-content\/uploads\/2019\/07\/jai-2.jpg\"><img loading=\"lazy\" decoding=\"async\" class=\"aligncenter size-medium wp-image-81054\" src=\"https:\/\/www.sudoestehoje.com.br\/novoportal\/wp-content\/uploads\/2019\/07\/jai-2-500x261.jpg\" alt=\"\" width=\"500\" height=\"261\" srcset=\"https:\/\/www.sudoestehoje.com.br\/novoportal\/wp-content\/uploads\/2019\/07\/jai-2-500x261.jpg 500w, https:\/\/www.sudoestehoje.com.br\/novoportal\/wp-content\/uploads\/2019\/07\/jai-2.jpg 540w\" sizes=\"auto, (max-width: 500px) 100vw, 500px\" \/><\/a><\/p>\n<p>Faleceu, na noite desta quinta-feira (18), o conhecido m\u00fasico<strong> &#8216;Jai dos Teclados&#8217;<\/strong>, figura conhecida em toda a regi\u00e3o.<\/p>\n<p>Apesar de deficiente visual, Jai era reconhecido pelo seu talento musical e desprendimento nas entrevistas e participa\u00e7\u00f5es em programas de r\u00e1dio nas emissoras locais.<\/p>\n<p>Portador de doen\u00e7a grave, Jai estava internado no Hospital Cristo Redentor, em Itapetinga, onde veio a falecer.<\/p>\n<p>O Sudoeste Hoje manifesta o seu imenso pesar pela passagem do amigo Jai.<\/p>\n<p><strong><em>Davi Ferraz &#8211; Editor<\/em><\/strong><\/p>\n","protected":false},"excerpt":{"rendered":"<p>Faleceu, na noite desta quinta-feira (18), o conhecido m\u00fasico &#8216;Jai dos Teclados&#8217;, figura conhecida em toda a regi\u00e3o. Apesar de deficiente visual, Jai era reconhecido pelo seu talento musical e desprendimento nas entrevistas e participa\u00e7\u00f5es em programas de r\u00e1dio nas emissoras locais. Portador de doen\u00e7a grave, Jai estava internado no Hospital Cristo Redentor, em Itapetinga, [&hellip;]<\/p>\n","protected":false},"author":2,"featured_media":81054,"comment_status":"open","ping_status":"open","sticky":false,"template":"","format":"standard","meta":{"footnotes":"","_links_to":"","_links_to_target":""},"categories":[1],"tags":[],"class_list":["post-81050","post","type-post","status-publish","format-standard","has-post-thumbnail","hentry","category-geral"],"views":810,"_links":{"self":[{"href":"https:\/\/www.sudoestehoje.com.br\/novoportal\/wp-json\/wp\/v2\/posts\/81050","targetHints":{"allow":["GET"]}}],"collection":[{"href":"https:\/\/www.sudoestehoje.com.br\/novoportal\/wp-json\/wp\/v2\/posts"}],"about":[{"href":"https:\/\/www.sudoestehoje.com.br\/novoportal\/wp-json\/wp\/v2\/types\/post"}],"author":[{"embeddable":true,"href":"https:\/\/www.sudoestehoje.com.br\/novoportal\/wp-json\/wp\/v2\/users\/2"}],"replies":[{"embeddable":true,"href":"https:\/\/www.sudoestehoje.com.br\/novoportal\/wp-json\/wp\/v2\/comments?post=81050"}],"version-history":[{"count":3,"href":"https:\/\/www.sudoestehoje.com.br\/novoportal\/wp-json\/wp\/v2\/posts\/81050\/revisions"}],"predecessor-version":[{"id":81055,"href":"https:\/\/www.sudoestehoje.com.br\/novoportal\/wp-json\/wp\/v2\/posts\/81050\/revisions\/81055"}],"wp:featuredmedia":[{"embeddable":true,"href":"https:\/\/www.sudoestehoje.com.br\/novoportal\/wp-json\/wp\/v2\/media\/81054"}],"wp:attachment":[{"href":"https:\/\/www.sudoestehoje.com.br\/novoportal\/wp-json\/wp\/v2\/media?parent=81050"}],"wp:term":[{"taxonomy":"category","embeddable":true,"href":"https:\/\/www.sudoestehoje.com.br\/novoportal\/wp-json\/wp\/v2\/categories?post=81050"},{"taxonomy":"post_tag","embeddable":true,"href":"https:\/\/www.sudoestehoje.com.br\/novoportal\/wp-json\/wp\/v2\/tags?post=81050"}],"curies":[{"name":"wp","href":"https:\/\/api.w.org\/{rel}","templated":true}]}}