
{"id":81039,"date":"2019-07-18T21:01:36","date_gmt":"2019-07-19T00:01:36","guid":{"rendered":"https:\/\/www.sudoestehoje.com.br\/novoportal\/?p=81039"},"modified":"2019-07-18T21:13:07","modified_gmt":"2019-07-19T00:13:07","slug":"itapetinga-prefeitura-inicia-banho-de-asfalto-no-bairro-vila-rosa","status":"publish","type":"post","link":"https:\/\/www.sudoestehoje.com.br\/novoportal\/2019\/07\/18\/itapetinga-prefeitura-inicia-banho-de-asfalto-no-bairro-vila-rosa\/","title":{"rendered":"ITAPETINGA: PREFEITURA INICIA &#8220;BANHO DE ASFALTO&#8221; NO BAIRRO VILA ROSA"},"content":{"rendered":"<p><a href=\"https:\/\/www.sudoestehoje.com.br\/novoportal\/wp-content\/uploads\/2019\/07\/rosa-1.jpg\"><img loading=\"lazy\" decoding=\"async\" class=\"aligncenter size-medium wp-image-81040\" src=\"https:\/\/www.sudoestehoje.com.br\/novoportal\/wp-content\/uploads\/2019\/07\/rosa-1-500x375.jpg\" alt=\"\" width=\"500\" height=\"375\" srcset=\"https:\/\/www.sudoestehoje.com.br\/novoportal\/wp-content\/uploads\/2019\/07\/rosa-1-500x375.jpg 500w, https:\/\/www.sudoestehoje.com.br\/novoportal\/wp-content\/uploads\/2019\/07\/rosa-1-768x576.jpg 768w, https:\/\/www.sudoestehoje.com.br\/novoportal\/wp-content\/uploads\/2019\/07\/rosa-1-700x525.jpg 700w, https:\/\/www.sudoestehoje.com.br\/novoportal\/wp-content\/uploads\/2019\/07\/rosa-1.jpg 960w\" sizes=\"auto, (max-width: 500px) 100vw, 500px\" \/><\/a><\/p>\n<p>Na tarde desta quinta-feira (18), a prefeitura de Itapetinga iniciou as obras de asfaltamento de ruas no bairro Vila Rosa, um dos mais desestruturados do munic\u00edpio.<\/p>\n<p>Os trabalhos de pavimenta\u00e7\u00e3o asf\u00e1ltica tiveram in\u00edcio ap\u00f3s preparo da base, que iniciou h\u00e1 alguns dias, com assentamento de meio-fios, compacta\u00e7\u00e3o e aplica\u00e7\u00e3o da emuls\u00e3o na rua Armando Nunes Queiroz, a primeira via a ser beneficiada.<\/p>\n<p><a href=\"https:\/\/www.sudoestehoje.com.br\/novoportal\/wp-content\/uploads\/2019\/07\/rosa-3.jpg\"><img loading=\"lazy\" decoding=\"async\" class=\"aligncenter size-medium wp-image-81044\" src=\"https:\/\/www.sudoestehoje.com.br\/novoportal\/wp-content\/uploads\/2019\/07\/rosa-3-500x375.jpg\" alt=\"\" width=\"500\" height=\"375\" srcset=\"https:\/\/www.sudoestehoje.com.br\/novoportal\/wp-content\/uploads\/2019\/07\/rosa-3-500x375.jpg 500w, https:\/\/www.sudoestehoje.com.br\/novoportal\/wp-content\/uploads\/2019\/07\/rosa-3-768x576.jpg 768w, https:\/\/www.sudoestehoje.com.br\/novoportal\/wp-content\/uploads\/2019\/07\/rosa-3-700x525.jpg 700w, https:\/\/www.sudoestehoje.com.br\/novoportal\/wp-content\/uploads\/2019\/07\/rosa-3.jpg 960w\" sizes=\"auto, (max-width: 500px) 100vw, 500px\" \/><\/a><\/p>\n<p>No final da tarde, o prefeito Rodrigo Hagge esteve no local para acompanhar a atua\u00e7\u00e3o da sua equipe, ao lado do Secret\u00e1rio da Infraestrutura Gustavo David e do engenheiro Adson Del Rey, especialista em constru\u00e7\u00e3o de estradas e vias p\u00fablicas.<\/p>\n<p>Rodrigo falou ao<strong><em> Sudoeste Hoje: <\/em><\/strong><em>&#8220;Estamos iniciando a pavimenta\u00e7\u00e3o aqui na Vila Rosa, com recursos e equipamentos pr\u00f3prios do munic\u00edpio, e vamos continuar at\u00e9 que as principais vias do bairro sejam pavimentadas. Em seguida vamos para outros bairros, cumprindo cronograma estabelecido com a nossa equipe. N\u00e3o vamos parar&#8221;<\/em>, salientou o chefe do executivo.<\/p>\n<p><a href=\"https:\/\/www.sudoestehoje.com.br\/novoportal\/wp-content\/uploads\/2019\/07\/rosa-2.jpg\"><img loading=\"lazy\" decoding=\"async\" class=\"aligncenter size-medium wp-image-81043\" src=\"https:\/\/www.sudoestehoje.com.br\/novoportal\/wp-content\/uploads\/2019\/07\/rosa-2-500x375.jpg\" alt=\"\" width=\"500\" height=\"375\" srcset=\"https:\/\/www.sudoestehoje.com.br\/novoportal\/wp-content\/uploads\/2019\/07\/rosa-2-500x375.jpg 500w, https:\/\/www.sudoestehoje.com.br\/novoportal\/wp-content\/uploads\/2019\/07\/rosa-2-768x576.jpg 768w, https:\/\/www.sudoestehoje.com.br\/novoportal\/wp-content\/uploads\/2019\/07\/rosa-2-700x525.jpg 700w, https:\/\/www.sudoestehoje.com.br\/novoportal\/wp-content\/uploads\/2019\/07\/rosa-2.jpg 960w\" sizes=\"auto, (max-width: 500px) 100vw, 500px\" \/><\/a><\/p>\n<p>A massa asf\u00e1ltica est\u00e1 sendo processada na usina da prefeitura e aplicada com equipamentos pr\u00f3prios, pela administra\u00e7\u00e3o municipal.<\/p>\n<p>https:\/\/www.facebook.com\/davi.ferraz.9\/videos\/2393356764089044\/<\/p>\n<p><strong><em>Por Davi Ferraz<\/em><\/strong><\/p>\n","protected":false},"excerpt":{"rendered":"<p>Na tarde desta quinta-feira (18), a prefeitura de Itapetinga iniciou as obras de asfaltamento de ruas no bairro Vila Rosa, um dos mais desestruturados do munic\u00edpio. Os trabalhos de pavimenta\u00e7\u00e3o asf\u00e1ltica tiveram in\u00edcio ap\u00f3s preparo da base, que iniciou h\u00e1 alguns dias, com assentamento de meio-fios, compacta\u00e7\u00e3o e aplica\u00e7\u00e3o da emuls\u00e3o na rua Armando Nunes [&hellip;]<\/p>\n","protected":false},"author":2,"featured_media":81040,"comment_status":"open","ping_status":"open","sticky":false,"template":"","format":"standard","meta":{"footnotes":"","_links_to":"","_links_to_target":""},"categories":[1],"tags":[],"class_list":["post-81039","post","type-post","status-publish","format-standard","has-post-thumbnail","hentry","category-geral"],"views":1208,"_links":{"self":[{"href":"https:\/\/www.sudoestehoje.com.br\/novoportal\/wp-json\/wp\/v2\/posts\/81039","targetHints":{"allow":["GET"]}}],"collection":[{"href":"https:\/\/www.sudoestehoje.com.br\/novoportal\/wp-json\/wp\/v2\/posts"}],"about":[{"href":"https:\/\/www.sudoestehoje.com.br\/novoportal\/wp-json\/wp\/v2\/types\/post"}],"author":[{"embeddable":true,"href":"https:\/\/www.sudoestehoje.com.br\/novoportal\/wp-json\/wp\/v2\/users\/2"}],"replies":[{"embeddable":true,"href":"https:\/\/www.sudoestehoje.com.br\/novoportal\/wp-json\/wp\/v2\/comments?post=81039"}],"version-history":[{"count":4,"href":"https:\/\/www.sudoestehoje.com.br\/novoportal\/wp-json\/wp\/v2\/posts\/81039\/revisions"}],"predecessor-version":[{"id":81049,"href":"https:\/\/www.sudoestehoje.com.br\/novoportal\/wp-json\/wp\/v2\/posts\/81039\/revisions\/81049"}],"wp:featuredmedia":[{"embeddable":true,"href":"https:\/\/www.sudoestehoje.com.br\/novoportal\/wp-json\/wp\/v2\/media\/81040"}],"wp:attachment":[{"href":"https:\/\/www.sudoestehoje.com.br\/novoportal\/wp-json\/wp\/v2\/media?parent=81039"}],"wp:term":[{"taxonomy":"category","embeddable":true,"href":"https:\/\/www.sudoestehoje.com.br\/novoportal\/wp-json\/wp\/v2\/categories?post=81039"},{"taxonomy":"post_tag","embeddable":true,"href":"https:\/\/www.sudoestehoje.com.br\/novoportal\/wp-json\/wp\/v2\/tags?post=81039"}],"curies":[{"name":"wp","href":"https:\/\/api.w.org\/{rel}","templated":true}]}}