
{"id":81029,"date":"2019-07-18T10:46:57","date_gmt":"2019-07-18T13:46:57","guid":{"rendered":"https:\/\/www.sudoestehoje.com.br\/novoportal\/?p=81029"},"modified":"2019-07-18T11:12:27","modified_gmt":"2019-07-18T14:12:27","slug":"obras-de-construcao-do-assai-atacadista-comecam-com-sondagem-do-terreno","status":"publish","type":"post","link":"https:\/\/www.sudoestehoje.com.br\/novoportal\/2019\/07\/18\/obras-de-construcao-do-assai-atacadista-comecam-com-sondagem-do-terreno\/","title":{"rendered":"OBRAS DE CONSTRU\u00c7\u00c3O DO ASSA\u00cd ATACADISTA COME\u00c7AM COM SONDAGEM DO TERRENO"},"content":{"rendered":"<p><a href=\"https:\/\/www.sudoestehoje.com.br\/novoportal\/wp-content\/uploads\/2019\/07\/ass-1-1.jpg\"><img loading=\"lazy\" decoding=\"async\" class=\"aligncenter size-medium wp-image-81036\" src=\"https:\/\/www.sudoestehoje.com.br\/novoportal\/wp-content\/uploads\/2019\/07\/ass-1-1-500x375.jpg\" alt=\"\" width=\"500\" height=\"375\" srcset=\"https:\/\/www.sudoestehoje.com.br\/novoportal\/wp-content\/uploads\/2019\/07\/ass-1-1-500x375.jpg 500w, https:\/\/www.sudoestehoje.com.br\/novoportal\/wp-content\/uploads\/2019\/07\/ass-1-1-768x576.jpg 768w, https:\/\/www.sudoestehoje.com.br\/novoportal\/wp-content\/uploads\/2019\/07\/ass-1-1-700x525.jpg 700w, https:\/\/www.sudoestehoje.com.br\/novoportal\/wp-content\/uploads\/2019\/07\/ass-1-1.jpg 960w\" sizes=\"auto, (max-width: 500px) 100vw, 500px\" \/><\/a><\/p>\n<p>Tr\u00eas dias ap\u00f3s aquisi\u00e7\u00e3o da \u00e1rea em m\u00e3os de empres\u00e1rios locais, as obras de constru\u00e7\u00e3o do<em><strong> ASSA\u00cd ATACADISTA<\/strong><\/em> em Itapetinga tiveram in\u00edcio na manh\u00e3 desta quinta-feira (18), com a sondagem geot\u00e9cnica do terreno, pela empresa especializada GEO BAHIA.<\/p>\n<p>Segundo informa\u00e7\u00f5es colhidas pelo <strong><em>Sudoeste Hoje<\/em><\/strong>, o canteiro de obras ser\u00e1 instalado nos pr\u00f3ximos dias, para preparo do terreno que receber\u00e1 a estrutura pr\u00e9-moldada que constitui maior parte da obra.<\/p>\n<p>O prazo para constru\u00e7\u00e3o e instala\u00e7\u00e3o do Assa\u00ed em Itapetinga \u00e9 de 8 meses, segundo preposto da empresa, mas poder\u00e1 ser acelerado para inaugura\u00e7\u00e3o em novembro ou dezembro deste ano.<\/p>\n<p><a href=\"https:\/\/www.sudoestehoje.com.br\/novoportal\/wp-content\/uploads\/2019\/07\/ass-3.jpg\"><img loading=\"lazy\" decoding=\"async\" class=\"aligncenter size-medium wp-image-81033\" src=\"https:\/\/www.sudoestehoje.com.br\/novoportal\/wp-content\/uploads\/2019\/07\/ass-3-500x375.jpg\" alt=\"\" width=\"500\" height=\"375\" srcset=\"https:\/\/www.sudoestehoje.com.br\/novoportal\/wp-content\/uploads\/2019\/07\/ass-3-500x375.jpg 500w, https:\/\/www.sudoestehoje.com.br\/novoportal\/wp-content\/uploads\/2019\/07\/ass-3-768x576.jpg 768w, https:\/\/www.sudoestehoje.com.br\/novoportal\/wp-content\/uploads\/2019\/07\/ass-3-700x525.jpg 700w, https:\/\/www.sudoestehoje.com.br\/novoportal\/wp-content\/uploads\/2019\/07\/ass-3.jpg 960w\" sizes=\"auto, (max-width: 500px) 100vw, 500px\" \/><\/a><\/p>\n<p>Algumas contas da empresa j\u00e1 foram abertas em uma ag\u00eancia banc\u00e1ria local, para efetuar pagamentos aos oper\u00e1rios que ir\u00e3o trabalhar e prestar servi\u00e7os na obra. <strong><em>Confira fotos:<\/em><\/strong><\/p>\n<p><em><strong>Por Davi Ferraz<\/strong><\/em><\/p>\n\n\t\t<style type=\"text\/css\">\n\t\t\t#gallery-1 {\n\t\t\t\tmargin: auto;\n\t\t\t}\n\t\t\t#gallery-1 .gallery-item {\n\t\t\t\tfloat: left;\n\t\t\t\tmargin-top: 10px;\n\t\t\t\ttext-align: center;\n\t\t\t\twidth: 33%;\n\t\t\t}\n\t\t\t#gallery-1 img {\n\t\t\t\tborder: 2px solid #cfcfcf;\n\t\t\t}\n\t\t\t#gallery-1 .gallery-caption {\n\t\t\t\tmargin-left: 0;\n\t\t\t}\n\t\t\t\/* see gallery_shortcode() in wp-includes\/media.php *\/\n\t\t<\/style>\n\t\t<div id='gallery-1' class='gallery galleryid-81029 gallery-columns-3 gallery-size-thumbnail'><dl class='gallery-item'>\n\t\t\t<dt class='gallery-icon landscape'>\n\t\t\t\t<a href='https:\/\/www.sudoestehoje.com.br\/novoportal\/2019\/07\/18\/obras-de-construcao-do-assai-atacadista-comecam-com-sondagem-do-terreno\/ass-2\/'><img loading=\"lazy\" decoding=\"async\" width=\"150\" height=\"150\" src=\"https:\/\/www.sudoestehoje.com.br\/novoportal\/wp-content\/uploads\/2019\/07\/ass-2-150x150.jpg\" class=\"attachment-thumbnail size-thumbnail\" alt=\"\" \/><\/a>\n\t\t\t<\/dt><\/dl><dl class='gallery-item'>\n\t\t\t<dt class='gallery-icon landscape'>\n\t\t\t\t<a href='https:\/\/www.sudoestehoje.com.br\/novoportal\/2019\/07\/18\/obras-de-construcao-do-assai-atacadista-comecam-com-sondagem-do-terreno\/ass-4\/'><img loading=\"lazy\" decoding=\"async\" width=\"150\" height=\"150\" src=\"https:\/\/www.sudoestehoje.com.br\/novoportal\/wp-content\/uploads\/2019\/07\/ass-4-150x150.jpg\" class=\"attachment-thumbnail size-thumbnail\" alt=\"\" \/><\/a>\n\t\t\t<\/dt><\/dl><dl class='gallery-item'>\n\t\t\t<dt class='gallery-icon landscape'>\n\t\t\t\t<a href='https:\/\/www.sudoestehoje.com.br\/novoportal\/2019\/07\/18\/obras-de-construcao-do-assai-atacadista-comecam-com-sondagem-do-terreno\/ass-5\/'><img loading=\"lazy\" decoding=\"async\" width=\"150\" height=\"150\" src=\"https:\/\/www.sudoestehoje.com.br\/novoportal\/wp-content\/uploads\/2019\/07\/ass-5-150x150.jpg\" class=\"attachment-thumbnail size-thumbnail\" alt=\"\" \/><\/a>\n\t\t\t<\/dt><\/dl><br style=\"clear: both\" \/>\n\t\t<\/div>\n\n","protected":false},"excerpt":{"rendered":"<p>Tr\u00eas dias ap\u00f3s aquisi\u00e7\u00e3o da \u00e1rea em m\u00e3os de empres\u00e1rios locais, as obras de constru\u00e7\u00e3o do ASSA\u00cd ATACADISTA em Itapetinga tiveram in\u00edcio na manh\u00e3 desta quinta-feira (18), com a sondagem geot\u00e9cnica do terreno, pela empresa especializada GEO BAHIA. Segundo informa\u00e7\u00f5es colhidas pelo Sudoeste Hoje, o canteiro de obras ser\u00e1 instalado nos pr\u00f3ximos dias, para preparo [&hellip;]<\/p>\n","protected":false},"author":2,"featured_media":81036,"comment_status":"open","ping_status":"open","sticky":false,"template":"","format":"standard","meta":{"footnotes":"","_links_to":"","_links_to_target":""},"categories":[1],"tags":[],"class_list":["post-81029","post","type-post","status-publish","format-standard","has-post-thumbnail","hentry","category-geral"],"views":1608,"_links":{"self":[{"href":"https:\/\/www.sudoestehoje.com.br\/novoportal\/wp-json\/wp\/v2\/posts\/81029","targetHints":{"allow":["GET"]}}],"collection":[{"href":"https:\/\/www.sudoestehoje.com.br\/novoportal\/wp-json\/wp\/v2\/posts"}],"about":[{"href":"https:\/\/www.sudoestehoje.com.br\/novoportal\/wp-json\/wp\/v2\/types\/post"}],"author":[{"embeddable":true,"href":"https:\/\/www.sudoestehoje.com.br\/novoportal\/wp-json\/wp\/v2\/users\/2"}],"replies":[{"embeddable":true,"href":"https:\/\/www.sudoestehoje.com.br\/novoportal\/wp-json\/wp\/v2\/comments?post=81029"}],"version-history":[{"count":3,"href":"https:\/\/www.sudoestehoje.com.br\/novoportal\/wp-json\/wp\/v2\/posts\/81029\/revisions"}],"predecessor-version":[{"id":81038,"href":"https:\/\/www.sudoestehoje.com.br\/novoportal\/wp-json\/wp\/v2\/posts\/81029\/revisions\/81038"}],"wp:featuredmedia":[{"embeddable":true,"href":"https:\/\/www.sudoestehoje.com.br\/novoportal\/wp-json\/wp\/v2\/media\/81036"}],"wp:attachment":[{"href":"https:\/\/www.sudoestehoje.com.br\/novoportal\/wp-json\/wp\/v2\/media?parent=81029"}],"wp:term":[{"taxonomy":"category","embeddable":true,"href":"https:\/\/www.sudoestehoje.com.br\/novoportal\/wp-json\/wp\/v2\/categories?post=81029"},{"taxonomy":"post_tag","embeddable":true,"href":"https:\/\/www.sudoestehoje.com.br\/novoportal\/wp-json\/wp\/v2\/tags?post=81029"}],"curies":[{"name":"wp","href":"https:\/\/api.w.org\/{rel}","templated":true}]}}