
{"id":81022,"date":"2019-07-16T22:33:16","date_gmt":"2019-07-17T01:33:16","guid":{"rendered":"https:\/\/www.sudoestehoje.com.br\/novoportal\/?p=81022"},"modified":"2019-07-16T22:33:16","modified_gmt":"2019-07-17T01:33:16","slug":"video-onibus-da-novo-horizonte-pega-fogo-na-rodovia-br-122-em-minas-gerais","status":"publish","type":"post","link":"https:\/\/www.sudoestehoje.com.br\/novoportal\/2019\/07\/16\/video-onibus-da-novo-horizonte-pega-fogo-na-rodovia-br-122-em-minas-gerais\/","title":{"rendered":"V\u00cdDEO: \u00d4NIBUS DA NOVO HORIZONTE PEGA FOGO NA RODOVIA BR-122, EM MINAS GERAIS"},"content":{"rendered":"<p><a href=\"https:\/\/www.sudoestehoje.com.br\/novoportal\/wp-content\/uploads\/2019\/07\/FOGO-NOVO-HORIZONTE.jpg\"><img loading=\"lazy\" decoding=\"async\" class=\"aligncenter size-medium wp-image-81023\" src=\"https:\/\/www.sudoestehoje.com.br\/novoportal\/wp-content\/uploads\/2019\/07\/FOGO-NOVO-HORIZONTE-500x313.jpg\" alt=\"\" width=\"500\" height=\"313\" srcset=\"https:\/\/www.sudoestehoje.com.br\/novoportal\/wp-content\/uploads\/2019\/07\/FOGO-NOVO-HORIZONTE-500x313.jpg 500w, https:\/\/www.sudoestehoje.com.br\/novoportal\/wp-content\/uploads\/2019\/07\/FOGO-NOVO-HORIZONTE-768x480.jpg 768w, https:\/\/www.sudoestehoje.com.br\/novoportal\/wp-content\/uploads\/2019\/07\/FOGO-NOVO-HORIZONTE-700x438.jpg 700w, https:\/\/www.sudoestehoje.com.br\/novoportal\/wp-content\/uploads\/2019\/07\/FOGO-NOVO-HORIZONTE.jpg 960w\" sizes=\"auto, (max-width: 500px) 100vw, 500px\" \/><\/a><\/p>\n<p>Um \u00f4nibus da empresa Novo Horizonte pegou fogo na tarde desta ter\u00e7a-feira (16), por volta das 16h30 na rodovia BR-122 em Monte Azul, regi\u00e3o de Minas Gerais. Imagens de celular mostram as chamas no ve\u00edculo.<\/p>\n<p>Segundo testemunhas, o fogo come\u00e7ou na parte debaixo do coletivo e o motorista n\u00e3o percebeu at\u00e9 ser alertado por outros colegas. Depois do aviso, os passageiros puderam descer em seguran\u00e7a.<\/p>\n<p>N\u00e3o h\u00e1 informa\u00e7\u00f5es sobre as causas do acidente. Apesar do susto, ningu\u00e9m ficou ferido e que o ve\u00edculo foi substitu\u00eddo logo em seguida. Os passageiros seguiram viagem sem maiores transtornos. <strong><em>Veja v\u00eddeo:<\/em><\/strong><\/p>\n<p><iframe loading=\"lazy\" title=\"\u00d4nibus da Novo Horizonte que saiu de In\u00fabia pega fogo na Serra de Monte Azul\/MG\" width=\"500\" height=\"281\" src=\"https:\/\/www.youtube.com\/embed\/mWEh_k7cCVA?start=1&#038;feature=oembed\" frameborder=\"0\" allow=\"accelerometer; autoplay; clipboard-write; encrypted-media; gyroscope; picture-in-picture; web-share\" referrerpolicy=\"strict-origin-when-cross-origin\" allowfullscreen><\/iframe><\/p>\n","protected":false},"excerpt":{"rendered":"<p>Um \u00f4nibus da empresa Novo Horizonte pegou fogo na tarde desta ter\u00e7a-feira (16), por volta das 16h30 na rodovia BR-122 em Monte Azul, regi\u00e3o de Minas Gerais. Imagens de celular mostram as chamas no ve\u00edculo. Segundo testemunhas, o fogo come\u00e7ou na parte debaixo do coletivo e o motorista n\u00e3o percebeu at\u00e9 ser alertado por outros [&hellip;]<\/p>\n","protected":false},"author":2,"featured_media":81023,"comment_status":"open","ping_status":"open","sticky":false,"template":"","format":"standard","meta":{"footnotes":"","_links_to":"","_links_to_target":""},"categories":[1],"tags":[],"class_list":["post-81022","post","type-post","status-publish","format-standard","has-post-thumbnail","hentry","category-geral"],"views":1015,"_links":{"self":[{"href":"https:\/\/www.sudoestehoje.com.br\/novoportal\/wp-json\/wp\/v2\/posts\/81022","targetHints":{"allow":["GET"]}}],"collection":[{"href":"https:\/\/www.sudoestehoje.com.br\/novoportal\/wp-json\/wp\/v2\/posts"}],"about":[{"href":"https:\/\/www.sudoestehoje.com.br\/novoportal\/wp-json\/wp\/v2\/types\/post"}],"author":[{"embeddable":true,"href":"https:\/\/www.sudoestehoje.com.br\/novoportal\/wp-json\/wp\/v2\/users\/2"}],"replies":[{"embeddable":true,"href":"https:\/\/www.sudoestehoje.com.br\/novoportal\/wp-json\/wp\/v2\/comments?post=81022"}],"version-history":[{"count":3,"href":"https:\/\/www.sudoestehoje.com.br\/novoportal\/wp-json\/wp\/v2\/posts\/81022\/revisions"}],"predecessor-version":[{"id":81026,"href":"https:\/\/www.sudoestehoje.com.br\/novoportal\/wp-json\/wp\/v2\/posts\/81022\/revisions\/81026"}],"wp:featuredmedia":[{"embeddable":true,"href":"https:\/\/www.sudoestehoje.com.br\/novoportal\/wp-json\/wp\/v2\/media\/81023"}],"wp:attachment":[{"href":"https:\/\/www.sudoestehoje.com.br\/novoportal\/wp-json\/wp\/v2\/media?parent=81022"}],"wp:term":[{"taxonomy":"category","embeddable":true,"href":"https:\/\/www.sudoestehoje.com.br\/novoportal\/wp-json\/wp\/v2\/categories?post=81022"},{"taxonomy":"post_tag","embeddable":true,"href":"https:\/\/www.sudoestehoje.com.br\/novoportal\/wp-json\/wp\/v2\/tags?post=81022"}],"curies":[{"name":"wp","href":"https:\/\/api.w.org\/{rel}","templated":true}]}}