
{"id":81017,"date":"2019-07-16T21:27:10","date_gmt":"2019-07-17T00:27:10","guid":{"rendered":"https:\/\/www.sudoestehoje.com.br\/novoportal\/?p=81017"},"modified":"2019-07-16T21:32:03","modified_gmt":"2019-07-17T00:32:03","slug":"itapetinga-ambulantes-informais-terao-novo-espaco-no-centro-da-cidade","status":"publish","type":"post","link":"https:\/\/www.sudoestehoje.com.br\/novoportal\/2019\/07\/16\/itapetinga-ambulantes-informais-terao-novo-espaco-no-centro-da-cidade\/","title":{"rendered":"ITAPETINGA: AMBULANTES TER\u00c3O NOVO ESPA\u00c7O NO CENTRO DA CIDADE"},"content":{"rendered":"<p data-raofz=\"16\"><a href=\"https:\/\/www.sudoestehoje.com.br\/novoportal\/wp-content\/uploads\/2019\/07\/ambulantes-reuniao.jpg\"><img loading=\"lazy\" decoding=\"async\" class=\"aligncenter size-medium wp-image-81018\" src=\"https:\/\/www.sudoestehoje.com.br\/novoportal\/wp-content\/uploads\/2019\/07\/ambulantes-reuniao-500x333.jpg\" alt=\"\" width=\"500\" height=\"333\" srcset=\"https:\/\/www.sudoestehoje.com.br\/novoportal\/wp-content\/uploads\/2019\/07\/ambulantes-reuniao-500x333.jpg 500w, https:\/\/www.sudoestehoje.com.br\/novoportal\/wp-content\/uploads\/2019\/07\/ambulantes-reuniao-768x512.jpg 768w, https:\/\/www.sudoestehoje.com.br\/novoportal\/wp-content\/uploads\/2019\/07\/ambulantes-reuniao-700x466.jpg 700w, https:\/\/www.sudoestehoje.com.br\/novoportal\/wp-content\/uploads\/2019\/07\/ambulantes-reuniao.jpg 1280w\" sizes=\"auto, (max-width: 500px) 100vw, 500px\" \/><\/a><\/p>\n<p data-raofz=\"16\">Em reuni\u00e3o com comerciantes informais de Itapetinga, a prefeitura municipal buscou solu\u00e7\u00e3o para um antigo problema. Desde o in\u00edcio da atual gest\u00e3o, a popula\u00e7\u00e3o reclama de uma certa desordem no centro comercial da cidade causada por ambulantes e barraqueiros alocados sem regulamenta\u00e7\u00e3o.<\/p>\n<p data-raofz=\"16\">Na manh\u00e3 desta ter\u00e7a-feira, 16, poder p\u00fablico municipal, CDL e comerciantes informais se reuniram na secretaria de Desenvolvimento Social para um acordo que proporcionar\u00e1 melhores condi\u00e7\u00f5es de trabalho, maior comodidade e um reordenamento na Pra\u00e7a Augusto de Carvalho e Alameda Rui Barbosa.<\/p>\n<p data-raofz=\"16\">Na rua Carneiro Ribeiro, a prefeitura organizar\u00e1 o espa\u00e7o para acolher as 29 barracas de aproximadamente 4m\u00b2. Duas faixas elevadas j\u00e1 foram constru\u00eddas para evitar que \u00e1guas das chuvas possam prejudicar a estrutura das barracas. A secretaria de infraestrutura far\u00e1, ainda, o nivelamento dos locais onde elas ser\u00e3o instaladas, o que dar\u00e1 maior estabilidade e seguran\u00e7a.<\/p>\n<p data-raofz=\"16\">No pr\u00f3ximo dia 05 de agosto, todos os comerciantes informais localizados no centro da cidade, ir\u00e3o se concentrar na rua Carneiro Ribeiro, em um local capaz de acolher ainda melhor comerciantes e clientes de forma organizada e ordeira. \/\/<em>Ascom Prefeitura<\/em><\/p>\n","protected":false},"excerpt":{"rendered":"<p>Em reuni\u00e3o com comerciantes informais de Itapetinga, a prefeitura municipal buscou solu\u00e7\u00e3o para um antigo problema. Desde o in\u00edcio da atual gest\u00e3o, a popula\u00e7\u00e3o reclama de uma certa desordem no centro comercial da cidade causada por ambulantes e barraqueiros alocados sem regulamenta\u00e7\u00e3o. Na manh\u00e3 desta ter\u00e7a-feira, 16, poder p\u00fablico municipal, CDL e comerciantes informais se [&hellip;]<\/p>\n","protected":false},"author":2,"featured_media":81018,"comment_status":"open","ping_status":"open","sticky":false,"template":"","format":"standard","meta":{"footnotes":"","_links_to":"","_links_to_target":""},"categories":[1],"tags":[],"class_list":["post-81017","post","type-post","status-publish","format-standard","has-post-thumbnail","hentry","category-geral"],"views":865,"_links":{"self":[{"href":"https:\/\/www.sudoestehoje.com.br\/novoportal\/wp-json\/wp\/v2\/posts\/81017","targetHints":{"allow":["GET"]}}],"collection":[{"href":"https:\/\/www.sudoestehoje.com.br\/novoportal\/wp-json\/wp\/v2\/posts"}],"about":[{"href":"https:\/\/www.sudoestehoje.com.br\/novoportal\/wp-json\/wp\/v2\/types\/post"}],"author":[{"embeddable":true,"href":"https:\/\/www.sudoestehoje.com.br\/novoportal\/wp-json\/wp\/v2\/users\/2"}],"replies":[{"embeddable":true,"href":"https:\/\/www.sudoestehoje.com.br\/novoportal\/wp-json\/wp\/v2\/comments?post=81017"}],"version-history":[{"count":3,"href":"https:\/\/www.sudoestehoje.com.br\/novoportal\/wp-json\/wp\/v2\/posts\/81017\/revisions"}],"predecessor-version":[{"id":81021,"href":"https:\/\/www.sudoestehoje.com.br\/novoportal\/wp-json\/wp\/v2\/posts\/81017\/revisions\/81021"}],"wp:featuredmedia":[{"embeddable":true,"href":"https:\/\/www.sudoestehoje.com.br\/novoportal\/wp-json\/wp\/v2\/media\/81018"}],"wp:attachment":[{"href":"https:\/\/www.sudoestehoje.com.br\/novoportal\/wp-json\/wp\/v2\/media?parent=81017"}],"wp:term":[{"taxonomy":"category","embeddable":true,"href":"https:\/\/www.sudoestehoje.com.br\/novoportal\/wp-json\/wp\/v2\/categories?post=81017"},{"taxonomy":"post_tag","embeddable":true,"href":"https:\/\/www.sudoestehoje.com.br\/novoportal\/wp-json\/wp\/v2\/tags?post=81017"}],"curies":[{"name":"wp","href":"https:\/\/api.w.org\/{rel}","templated":true}]}}