
{"id":81012,"date":"2019-07-16T18:40:15","date_gmt":"2019-07-16T21:40:15","guid":{"rendered":"https:\/\/www.sudoestehoje.com.br\/novoportal\/?p=81012"},"modified":"2019-07-16T21:55:24","modified_gmt":"2019-07-17T00:55:24","slug":"exclusivo-assai-atacadista-confirma-instalacao-de-loja-em-itapetinga","status":"publish","type":"post","link":"https:\/\/www.sudoestehoje.com.br\/novoportal\/2019\/07\/16\/exclusivo-assai-atacadista-confirma-instalacao-de-loja-em-itapetinga\/","title":{"rendered":"EXCLUSIVO: ASSA\u00cd ATACADISTA CONFIRMA INSTALA\u00c7\u00c3O DE LOJA EM ITAPETINGA"},"content":{"rendered":"<p><a href=\"https:\/\/www.sudoestehoje.com.br\/novoportal\/wp-content\/uploads\/2019\/07\/economia-assai-20180906-001.jpg\"><img loading=\"lazy\" decoding=\"async\" class=\"aligncenter size-medium wp-image-81013\" src=\"https:\/\/www.sudoestehoje.com.br\/novoportal\/wp-content\/uploads\/2019\/07\/economia-assai-20180906-001-500x333.jpg\" alt=\"\" width=\"500\" height=\"333\" srcset=\"https:\/\/www.sudoestehoje.com.br\/novoportal\/wp-content\/uploads\/2019\/07\/economia-assai-20180906-001-500x333.jpg 500w, https:\/\/www.sudoestehoje.com.br\/novoportal\/wp-content\/uploads\/2019\/07\/economia-assai-20180906-001-768x512.jpg 768w, https:\/\/www.sudoestehoje.com.br\/novoportal\/wp-content\/uploads\/2019\/07\/economia-assai-20180906-001-700x467.jpg 700w, https:\/\/www.sudoestehoje.com.br\/novoportal\/wp-content\/uploads\/2019\/07\/economia-assai-20180906-001.jpg 1500w\" sizes=\"auto, (max-width: 500px) 100vw, 500px\" \/><\/a><\/p>\n<p>Fonte ligada ao meio empresarial acaba de confirmar, em primeira m\u00e3o, ao Sudoeste Hoje, a instala\u00e7\u00e3o de uma das suas lojas em Itapetinga, cidade polo do M\u00e9dio Sudoeste da Bahia.<\/p>\n<p>De acordo com a fonte do blog, prepostos do Assa\u00ed Atacadista estiveram em Itapetinga nesta ter\u00e7a-feira (16), inspecionando a \u00e1rea de 23 mil metros quadrados, onde vai ser erguido o empreendimento, localizada em frende ao Loteamento Pedra Branca, nas imedia\u00e7\u00f5es do Parque de Exposi\u00e7\u00f5es.<\/p>\n<p>Um conhecido corretor de im\u00f3veis foi contactado pelo pessoal do Assa\u00ed, visando a loca\u00e7\u00e3o de 18 casas em Itapetinga, para instala\u00e7\u00e3o dos funcion\u00e1rios que atuar\u00e3o na obra, que deve durar cerca de 8 meses, gerando centenas de novos postos de trabalho na cidade.<\/p>\n<p>O an\u00fancio oficial ser\u00e1 feito nos pr\u00f3ximos dias por representantes do Assa\u00ed e autoridades locais, a exemplo do prefeito Rodrigo Hagge, que se empenharam na vinda do novo empreendimento que alavancar\u00e1 a economia local e regional.<\/p>\n<p><strong><em>Por Davi Ferraz\u00a0<\/em><\/strong><\/p>\n","protected":false},"excerpt":{"rendered":"<p>Fonte ligada ao meio empresarial acaba de confirmar, em primeira m\u00e3o, ao Sudoeste Hoje, a instala\u00e7\u00e3o de uma das suas lojas em Itapetinga, cidade polo do M\u00e9dio Sudoeste da Bahia. De acordo com a fonte do blog, prepostos do Assa\u00ed Atacadista estiveram em Itapetinga nesta ter\u00e7a-feira (16), inspecionando a \u00e1rea de 23 mil metros quadrados, [&hellip;]<\/p>\n","protected":false},"author":2,"featured_media":81013,"comment_status":"open","ping_status":"open","sticky":false,"template":"","format":"standard","meta":{"footnotes":"","_links_to":"","_links_to_target":""},"categories":[1],"tags":[],"class_list":["post-81012","post","type-post","status-publish","format-standard","has-post-thumbnail","hentry","category-geral"],"views":2256,"_links":{"self":[{"href":"https:\/\/www.sudoestehoje.com.br\/novoportal\/wp-json\/wp\/v2\/posts\/81012","targetHints":{"allow":["GET"]}}],"collection":[{"href":"https:\/\/www.sudoestehoje.com.br\/novoportal\/wp-json\/wp\/v2\/posts"}],"about":[{"href":"https:\/\/www.sudoestehoje.com.br\/novoportal\/wp-json\/wp\/v2\/types\/post"}],"author":[{"embeddable":true,"href":"https:\/\/www.sudoestehoje.com.br\/novoportal\/wp-json\/wp\/v2\/users\/2"}],"replies":[{"embeddable":true,"href":"https:\/\/www.sudoestehoje.com.br\/novoportal\/wp-json\/wp\/v2\/comments?post=81012"}],"version-history":[{"count":3,"href":"https:\/\/www.sudoestehoje.com.br\/novoportal\/wp-json\/wp\/v2\/posts\/81012\/revisions"}],"predecessor-version":[{"id":81016,"href":"https:\/\/www.sudoestehoje.com.br\/novoportal\/wp-json\/wp\/v2\/posts\/81012\/revisions\/81016"}],"wp:featuredmedia":[{"embeddable":true,"href":"https:\/\/www.sudoestehoje.com.br\/novoportal\/wp-json\/wp\/v2\/media\/81013"}],"wp:attachment":[{"href":"https:\/\/www.sudoestehoje.com.br\/novoportal\/wp-json\/wp\/v2\/media?parent=81012"}],"wp:term":[{"taxonomy":"category","embeddable":true,"href":"https:\/\/www.sudoestehoje.com.br\/novoportal\/wp-json\/wp\/v2\/categories?post=81012"},{"taxonomy":"post_tag","embeddable":true,"href":"https:\/\/www.sudoestehoje.com.br\/novoportal\/wp-json\/wp\/v2\/tags?post=81012"}],"curies":[{"name":"wp","href":"https:\/\/api.w.org\/{rel}","templated":true}]}}