
{"id":8101,"date":"2011-09-01T19:21:30","date_gmt":"2011-09-01T22:21:30","guid":{"rendered":"http:\/\/www.sudoestehoje.com.br\/novoportal\/?p=8101"},"modified":"2011-09-01T21:34:26","modified_gmt":"2011-09-02T00:34:26","slug":"ifba-alunos-e-professores-saem-em-passeata-para-divulgar-greve","status":"publish","type":"post","link":"https:\/\/www.sudoestehoje.com.br\/novoportal\/2011\/09\/01\/ifba-alunos-e-professores-saem-em-passeata-para-divulgar-greve\/","title":{"rendered":"IFBAIANO: ALUNOS E PROFESSORES SAEM EM PASSEATA PARA DIVULGAR GREVE"},"content":{"rendered":"<p><a href=\"http:\/\/www.sudoestehoje.com.br\/novoportal\/wp-content\/uploads\/2011\/09\/100_6280.jpg\"><img loading=\"lazy\" decoding=\"async\" class=\"aligncenter size-medium wp-image-8102\" title=\"100_6280\" src=\"http:\/\/www.sudoestehoje.com.br\/novoportal\/wp-content\/uploads\/2011\/09\/100_6280-500x375.jpg\" alt=\"\" width=\"500\" height=\"375\" srcset=\"https:\/\/www.sudoestehoje.com.br\/novoportal\/wp-content\/uploads\/2011\/09\/100_6280-500x375.jpg 500w, https:\/\/www.sudoestehoje.com.br\/novoportal\/wp-content\/uploads\/2011\/09\/100_6280-1024x768.jpg 1024w\" sizes=\"auto, (max-width: 500px) 100vw, 500px\" \/><\/a><\/p>\n<p>ITAPETINGA:\u00a0Na manh\u00e3 desta quinta-feira (01), professores e alunos do Instituto Federal da Bahia , campus de Itapetinga, realizaram uma manifesta\u00e7\u00e3o pelas ruas da cidade, divulgando para a comunidade os motivos da greve dos docentes, que teve in\u00edcio desde\u00a0o dia 1\u00ba de agosto.<\/p>\n<p>Durante a manifesta\u00e7\u00e3o, que come\u00e7ou na pra\u00e7a Dairy Valley e percorreu as ruas do centro da cidade, professores e alunos do IFBAIANO distribu\u00edram panfletos \u00a0e exibiram faixas, como forma de esclarecer \u00e0 popula\u00e7\u00e3o os motivos da paralisa\u00e7\u00e3o por tempo indeterminado. A greve se estende a todas as institui\u00e7\u00f5es da rede federal de ensino do pa\u00eds, vinculados ao sindicato SINASEFE.<\/p>\n<p><em><strong>Da REDA\u00c7\u00c3O<\/strong><\/em><\/p>\n","protected":false},"excerpt":{"rendered":"<p>ITAPETINGA:\u00a0Na manh\u00e3 desta quinta-feira (01), professores e alunos do Instituto Federal da Bahia , campus de Itapetinga, realizaram uma manifesta\u00e7\u00e3o pelas ruas da cidade, divulgando para a comunidade os motivos da greve dos docentes, que teve in\u00edcio desde\u00a0o dia 1\u00ba de agosto. Durante a manifesta\u00e7\u00e3o, que come\u00e7ou na pra\u00e7a Dairy Valley e percorreu as ruas [&hellip;]<\/p>\n","protected":false},"author":2,"featured_media":0,"comment_status":"open","ping_status":"open","sticky":false,"template":"","format":"standard","meta":{"footnotes":"","_links_to":"","_links_to_target":""},"categories":[1],"tags":[],"class_list":["post-8101","post","type-post","status-publish","format-standard","hentry","category-geral"],"views":1542,"_links":{"self":[{"href":"https:\/\/www.sudoestehoje.com.br\/novoportal\/wp-json\/wp\/v2\/posts\/8101","targetHints":{"allow":["GET"]}}],"collection":[{"href":"https:\/\/www.sudoestehoje.com.br\/novoportal\/wp-json\/wp\/v2\/posts"}],"about":[{"href":"https:\/\/www.sudoestehoje.com.br\/novoportal\/wp-json\/wp\/v2\/types\/post"}],"author":[{"embeddable":true,"href":"https:\/\/www.sudoestehoje.com.br\/novoportal\/wp-json\/wp\/v2\/users\/2"}],"replies":[{"embeddable":true,"href":"https:\/\/www.sudoestehoje.com.br\/novoportal\/wp-json\/wp\/v2\/comments?post=8101"}],"version-history":[{"count":4,"href":"https:\/\/www.sudoestehoje.com.br\/novoportal\/wp-json\/wp\/v2\/posts\/8101\/revisions"}],"predecessor-version":[{"id":8124,"href":"https:\/\/www.sudoestehoje.com.br\/novoportal\/wp-json\/wp\/v2\/posts\/8101\/revisions\/8124"}],"wp:attachment":[{"href":"https:\/\/www.sudoestehoje.com.br\/novoportal\/wp-json\/wp\/v2\/media?parent=8101"}],"wp:term":[{"taxonomy":"category","embeddable":true,"href":"https:\/\/www.sudoestehoje.com.br\/novoportal\/wp-json\/wp\/v2\/categories?post=8101"},{"taxonomy":"post_tag","embeddable":true,"href":"https:\/\/www.sudoestehoje.com.br\/novoportal\/wp-json\/wp\/v2\/tags?post=8101"}],"curies":[{"name":"wp","href":"https:\/\/api.w.org\/{rel}","templated":true}]}}