
{"id":81008,"date":"2019-07-16T18:08:53","date_gmt":"2019-07-16T21:08:53","guid":{"rendered":"https:\/\/www.sudoestehoje.com.br\/novoportal\/?p=81008"},"modified":"2019-07-16T18:08:53","modified_gmt":"2019-07-16T21:08:53","slug":"itapetinga-acesso-a-ba-263-sera-concluido-garante-representante-da-seinfra","status":"publish","type":"post","link":"https:\/\/www.sudoestehoje.com.br\/novoportal\/2019\/07\/16\/itapetinga-acesso-a-ba-263-sera-concluido-garante-representante-da-seinfra\/","title":{"rendered":"ITAPETINGA: ACESSO \u00c0 BA-263 SER\u00c1 CONCLU\u00cdDO, GARANTE REPRESENTANTE DA SEINFRA"},"content":{"rendered":"<p><a href=\"https:\/\/www.sudoestehoje.com.br\/novoportal\/wp-content\/uploads\/2019\/07\/acesso-estrada-exp.jpg\"><img loading=\"lazy\" decoding=\"async\" class=\"aligncenter size-medium wp-image-81009\" src=\"https:\/\/www.sudoestehoje.com.br\/novoportal\/wp-content\/uploads\/2019\/07\/acesso-estrada-exp-500x375.jpg\" alt=\"\" width=\"500\" height=\"375\" srcset=\"https:\/\/www.sudoestehoje.com.br\/novoportal\/wp-content\/uploads\/2019\/07\/acesso-estrada-exp-500x375.jpg 500w, https:\/\/www.sudoestehoje.com.br\/novoportal\/wp-content\/uploads\/2019\/07\/acesso-estrada-exp-768x576.jpg 768w, https:\/\/www.sudoestehoje.com.br\/novoportal\/wp-content\/uploads\/2019\/07\/acesso-estrada-exp-700x525.jpg 700w, https:\/\/www.sudoestehoje.com.br\/novoportal\/wp-content\/uploads\/2019\/07\/acesso-estrada-exp.jpg 960w\" sizes=\"auto, (max-width: 500px) 100vw, 500px\" \/><\/a><\/p>\n<p>Em esclarecimento \u00e0 not\u00edcia de que a empresa respons\u00e1vel pela obra de recapeamento asf\u00e1ltico do acesso \u00e0 BA-263 estaria com dificuldades para concluir seus trabalhos em Itapetinga, o engenheiro da Secretaria de Infraestrutura do Estado da Bahia (SEINFRA) na regi\u00e3o manteve contato com o redator deste blog informando que a obra ser\u00e1 conclu\u00edda pela mesma empreiteira.<\/p>\n<p>De acordo com o engenheiro Hemyson Castro, a obra atrasou por falta de CAP (Cimento Asf\u00e1ltico de Petr\u00f3leo) na Bahia, dificultando o bom andamento dos trabalhos, que j\u00e1 deveriam estar conclu\u00eddos desde abril, prazo inicial do contrato entre o governo e a empreiteira.<\/p>\n<p>O engenheiro explicou ainda que foi celebrado um Aditivo de Prazo, devido ao per\u00edodo chuvoso no in\u00edcio da obra e a falta do produto b\u00e1sico para usinar a massa asf\u00e1ltica.<\/p>\n<p>A obra est\u00e1 paralisada h\u00e1 exatos dois meses e deve recome\u00e7ar ainda esta semana, segundo a Seinfra.<\/p>\n<p><strong><em>Por Davi Ferraz<\/em><\/strong><\/p>\n","protected":false},"excerpt":{"rendered":"<p>Em esclarecimento \u00e0 not\u00edcia de que a empresa respons\u00e1vel pela obra de recapeamento asf\u00e1ltico do acesso \u00e0 BA-263 estaria com dificuldades para concluir seus trabalhos em Itapetinga, o engenheiro da Secretaria de Infraestrutura do Estado da Bahia (SEINFRA) na regi\u00e3o manteve contato com o redator deste blog informando que a obra ser\u00e1 conclu\u00edda pela mesma [&hellip;]<\/p>\n","protected":false},"author":2,"featured_media":81009,"comment_status":"open","ping_status":"open","sticky":false,"template":"","format":"standard","meta":{"footnotes":"","_links_to":"","_links_to_target":""},"categories":[1],"tags":[],"class_list":["post-81008","post","type-post","status-publish","format-standard","has-post-thumbnail","hentry","category-geral"],"views":734,"_links":{"self":[{"href":"https:\/\/www.sudoestehoje.com.br\/novoportal\/wp-json\/wp\/v2\/posts\/81008","targetHints":{"allow":["GET"]}}],"collection":[{"href":"https:\/\/www.sudoestehoje.com.br\/novoportal\/wp-json\/wp\/v2\/posts"}],"about":[{"href":"https:\/\/www.sudoestehoje.com.br\/novoportal\/wp-json\/wp\/v2\/types\/post"}],"author":[{"embeddable":true,"href":"https:\/\/www.sudoestehoje.com.br\/novoportal\/wp-json\/wp\/v2\/users\/2"}],"replies":[{"embeddable":true,"href":"https:\/\/www.sudoestehoje.com.br\/novoportal\/wp-json\/wp\/v2\/comments?post=81008"}],"version-history":[{"count":2,"href":"https:\/\/www.sudoestehoje.com.br\/novoportal\/wp-json\/wp\/v2\/posts\/81008\/revisions"}],"predecessor-version":[{"id":81011,"href":"https:\/\/www.sudoestehoje.com.br\/novoportal\/wp-json\/wp\/v2\/posts\/81008\/revisions\/81011"}],"wp:featuredmedia":[{"embeddable":true,"href":"https:\/\/www.sudoestehoje.com.br\/novoportal\/wp-json\/wp\/v2\/media\/81009"}],"wp:attachment":[{"href":"https:\/\/www.sudoestehoje.com.br\/novoportal\/wp-json\/wp\/v2\/media?parent=81008"}],"wp:term":[{"taxonomy":"category","embeddable":true,"href":"https:\/\/www.sudoestehoje.com.br\/novoportal\/wp-json\/wp\/v2\/categories?post=81008"},{"taxonomy":"post_tag","embeddable":true,"href":"https:\/\/www.sudoestehoje.com.br\/novoportal\/wp-json\/wp\/v2\/tags?post=81008"}],"curies":[{"name":"wp","href":"https:\/\/api.w.org\/{rel}","templated":true}]}}