
{"id":80998,"date":"2019-07-16T09:56:16","date_gmt":"2019-07-16T12:56:16","guid":{"rendered":"https:\/\/www.sudoestehoje.com.br\/novoportal\/?p=80998"},"modified":"2019-07-16T09:56:16","modified_gmt":"2019-07-16T12:56:16","slug":"rompimento-de-barragem-sanches-desafia-rosemberg-a-explicar-reforma-do-convento-de-cairu","status":"publish","type":"post","link":"https:\/\/www.sudoestehoje.com.br\/novoportal\/2019\/07\/16\/rompimento-de-barragem-sanches-desafia-rosemberg-a-explicar-reforma-do-convento-de-cairu\/","title":{"rendered":"ROMPIMENTO DE BARRAGEM: SANCHES DESAFIA ROSEMBERG A EXPLICAR REFORMA DO CONVENTO DE CAIRU"},"content":{"rendered":"<p><a href=\"https:\/\/www.sudoestehoje.com.br\/novoportal\/wp-content\/uploads\/2019\/07\/ALAN-SANCHES-1-1000x530.jpg\"><img loading=\"lazy\" decoding=\"async\" class=\"aligncenter size-medium wp-image-81000\" src=\"https:\/\/www.sudoestehoje.com.br\/novoportal\/wp-content\/uploads\/2019\/07\/ALAN-SANCHES-1-1000x530-500x265.jpg\" alt=\"\" width=\"500\" height=\"265\" srcset=\"https:\/\/www.sudoestehoje.com.br\/novoportal\/wp-content\/uploads\/2019\/07\/ALAN-SANCHES-1-1000x530-500x265.jpg 500w, https:\/\/www.sudoestehoje.com.br\/novoportal\/wp-content\/uploads\/2019\/07\/ALAN-SANCHES-1-1000x530-768x407.jpg 768w, https:\/\/www.sudoestehoje.com.br\/novoportal\/wp-content\/uploads\/2019\/07\/ALAN-SANCHES-1-1000x530-700x371.jpg 700w, https:\/\/www.sudoestehoje.com.br\/novoportal\/wp-content\/uploads\/2019\/07\/ALAN-SANCHES-1-1000x530.jpg 1000w\" sizes=\"auto, (max-width: 500px) 100vw, 500px\" \/><\/a><\/p>\n<p>O deputado estadual Alan Sanches (DEM) desafiou nesta segunda-feira (15) o deputado estadual Rosemberg Pinto (PT) a explicar a<span style=\"color: #0000ff;\"> <a style=\"color: #0000ff;\" href=\"https:\/\/www.todabahia.com.br\/justica-bloqueia-r-26-milhoes-de-responsaveis-por-restauracao-do-convento-de-cairu\/\"><strong>reforma do Convento de Cairu<\/strong><\/a><\/span>. Ele tamb\u00e9m reafirmou que houve neglig\u00eancia do governador Rui Costa em rela\u00e7\u00e3o \u00e0 conten\u00e7\u00e3o de uma s\u00e9rie de barragens que est\u00e3o em risco no estado da Bahia.<\/p>\n<p>Sobre o coment\u00e1rio feito pelo deputado estadual Rosemberg Pinto (PT), de que estaria \u201ctripudiando da desgra\u00e7a alheia\u201d, Sanches disse que<em> \u201cRosemberg n\u00e3o tem nenhum argumento racional para explicar a neglig\u00eancia do governador. \u201cRosemberg \u00e9 quem tripudia da desgra\u00e7a alheia ao n\u00e3o ter explicado at\u00e9 hoje o que foi feito com o dinheiro da reforma do Convento de Cairu\u201d.<\/em><\/p>\n<p><a href=\"https:\/\/www.sudoestehoje.com.br\/novoportal\/wp-content\/uploads\/2019\/07\/reforma-convento-cairu-1000x530.jpg\"><img loading=\"lazy\" decoding=\"async\" class=\"aligncenter size-medium wp-image-81004\" src=\"https:\/\/www.sudoestehoje.com.br\/novoportal\/wp-content\/uploads\/2019\/07\/reforma-convento-cairu-1000x530-500x265.jpg\" alt=\"\" width=\"500\" height=\"265\" srcset=\"https:\/\/www.sudoestehoje.com.br\/novoportal\/wp-content\/uploads\/2019\/07\/reforma-convento-cairu-1000x530-500x265.jpg 500w, https:\/\/www.sudoestehoje.com.br\/novoportal\/wp-content\/uploads\/2019\/07\/reforma-convento-cairu-1000x530-768x407.jpg 768w, https:\/\/www.sudoestehoje.com.br\/novoportal\/wp-content\/uploads\/2019\/07\/reforma-convento-cairu-1000x530-700x371.jpg 700w, https:\/\/www.sudoestehoje.com.br\/novoportal\/wp-content\/uploads\/2019\/07\/reforma-convento-cairu-1000x530.jpg 1000w\" sizes=\"auto, (max-width: 500px) 100vw, 500px\" \/><\/a>Com rela\u00e7\u00e3o \u00e0s barragens no estado, Sanches afirmou: \u201cSeria no m\u00ednimo inconsequente acusar o governador se n\u00e3o tiv\u00e9ssemos elementos comprobat\u00f3rios dessa neglig\u00eancia. N\u00e3o \u00e9 por acaso que o Minist\u00e9rio P\u00fablico decidiu investigar a den\u00fancia\u201d. Ele disse, ainda, que\u00a0existem 10 barragens na Bahia em situa\u00e7\u00e3o de alto risco e que o governo deveria cuidar da preven\u00e7\u00e3o. \u201cRui deveria resgatar o Plano de Conten\u00e7\u00e3o de Barragens que os t\u00e9cnicos lhe entregaram, mas que ele n\u00e3o levou em considera\u00e7\u00e3o por achar que n\u00e3o era prioridade\u201d, completou.<\/p>\n<p>&nbsp;<\/p>\n","protected":false},"excerpt":{"rendered":"<p>O deputado estadual Alan Sanches (DEM) desafiou nesta segunda-feira (15) o deputado estadual Rosemberg Pinto (PT) a explicar a reforma do Convento de Cairu. Ele tamb\u00e9m reafirmou que houve neglig\u00eancia do governador Rui Costa em rela\u00e7\u00e3o \u00e0 conten\u00e7\u00e3o de uma s\u00e9rie de barragens que est\u00e3o em risco no estado da Bahia. Sobre o coment\u00e1rio feito [&hellip;]<\/p>\n","protected":false},"author":2,"featured_media":81000,"comment_status":"open","ping_status":"open","sticky":false,"template":"","format":"standard","meta":{"footnotes":"","_links_to":"","_links_to_target":""},"categories":[1],"tags":[],"class_list":["post-80998","post","type-post","status-publish","format-standard","has-post-thumbnail","hentry","category-geral"],"views":702,"_links":{"self":[{"href":"https:\/\/www.sudoestehoje.com.br\/novoportal\/wp-json\/wp\/v2\/posts\/80998","targetHints":{"allow":["GET"]}}],"collection":[{"href":"https:\/\/www.sudoestehoje.com.br\/novoportal\/wp-json\/wp\/v2\/posts"}],"about":[{"href":"https:\/\/www.sudoestehoje.com.br\/novoportal\/wp-json\/wp\/v2\/types\/post"}],"author":[{"embeddable":true,"href":"https:\/\/www.sudoestehoje.com.br\/novoportal\/wp-json\/wp\/v2\/users\/2"}],"replies":[{"embeddable":true,"href":"https:\/\/www.sudoestehoje.com.br\/novoportal\/wp-json\/wp\/v2\/comments?post=80998"}],"version-history":[{"count":3,"href":"https:\/\/www.sudoestehoje.com.br\/novoportal\/wp-json\/wp\/v2\/posts\/80998\/revisions"}],"predecessor-version":[{"id":81005,"href":"https:\/\/www.sudoestehoje.com.br\/novoportal\/wp-json\/wp\/v2\/posts\/80998\/revisions\/81005"}],"wp:featuredmedia":[{"embeddable":true,"href":"https:\/\/www.sudoestehoje.com.br\/novoportal\/wp-json\/wp\/v2\/media\/81000"}],"wp:attachment":[{"href":"https:\/\/www.sudoestehoje.com.br\/novoportal\/wp-json\/wp\/v2\/media?parent=80998"}],"wp:term":[{"taxonomy":"category","embeddable":true,"href":"https:\/\/www.sudoestehoje.com.br\/novoportal\/wp-json\/wp\/v2\/categories?post=80998"},{"taxonomy":"post_tag","embeddable":true,"href":"https:\/\/www.sudoestehoje.com.br\/novoportal\/wp-json\/wp\/v2\/tags?post=80998"}],"curies":[{"name":"wp","href":"https:\/\/api.w.org\/{rel}","templated":true}]}}