
{"id":80995,"date":"2019-07-16T09:29:20","date_gmt":"2019-07-16T12:29:20","guid":{"rendered":"https:\/\/www.sudoestehoje.com.br\/novoportal\/?p=80995"},"modified":"2019-07-16T09:29:20","modified_gmt":"2019-07-16T12:29:20","slug":"enem-2019-tem-mais-de-395-mil-inscritos-na-bahia-629-sao-do-sexo-feminino","status":"publish","type":"post","link":"https:\/\/www.sudoestehoje.com.br\/novoportal\/2019\/07\/16\/enem-2019-tem-mais-de-395-mil-inscritos-na-bahia-629-sao-do-sexo-feminino\/","title":{"rendered":"ENEM 2019 TEM MAIS DE 395 MIL INSCRITOS NA BAHIA; 62,9% S\u00c3O DO SEXO FEMININO"},"content":{"rendered":"<div class=\"mc-column content-text active-extra-styles \" data-block-type=\"unstyled\" data-block-weight=\"31\" data-block-id=\"2\">\n<p data-track-category=\"Link no Texto\" data-track-links=\"\"><a href=\"https:\/\/www.sudoestehoje.com.br\/novoportal\/wp-content\/uploads\/2019\/07\/Prova-do-enem-.jpg\"><img loading=\"lazy\" decoding=\"async\" class=\"aligncenter size-medium wp-image-80996\" src=\"https:\/\/www.sudoestehoje.com.br\/novoportal\/wp-content\/uploads\/2019\/07\/Prova-do-enem--500x313.jpg\" alt=\"\" width=\"500\" height=\"313\" srcset=\"https:\/\/www.sudoestehoje.com.br\/novoportal\/wp-content\/uploads\/2019\/07\/Prova-do-enem--500x313.jpg 500w, https:\/\/www.sudoestehoje.com.br\/novoportal\/wp-content\/uploads\/2019\/07\/Prova-do-enem--768x480.jpg 768w, https:\/\/www.sudoestehoje.com.br\/novoportal\/wp-content\/uploads\/2019\/07\/Prova-do-enem--700x438.jpg 700w, https:\/\/www.sudoestehoje.com.br\/novoportal\/wp-content\/uploads\/2019\/07\/Prova-do-enem-.jpg 1024w\" sizes=\"auto, (max-width: 500px) 100vw, 500px\" \/><\/a><\/p>\n<p class=\"content-text__container \" data-track-category=\"Link no Texto\" data-track-links=\"\">O Exame Nacional do Ensino M\u00e9dio (<a href=\"https:\/\/g1.globo.com\/educacao\/enem\/\">Enem<\/a>) 2019 registrou 395.438 mil inscritos na Bahia, conforme divulgou o Instituto Nacional de Estudos e Pesquisas Educacionais An\u00edsio Teixeira (Inep), respons\u00e1vel pelo exame.<\/p>\n<\/div>\n<div class=\"wall protected-content\">\n<div class=\"mc-column content-text active-extra-styles \" data-block-type=\"unstyled\" data-block-weight=\"44\" data-block-id=\"4\">\n<p class=\"content-text__container \" data-track-category=\"Link no Texto\" data-track-links=\"\">Em todo o pa\u00eds,\u00a0<a href=\"https:\/\/g1.globo.com\/educacao\/noticia\/2019\/05\/28\/com-5-milhoes-enem-tem-o-menor-numero-de-inscritos-confirmados-desde-2010.ghtml\">a edi\u00e7\u00e3o deste ano contou com 5.095.382 de inscritos<\/a>. Este ano, o\u00a0<a href=\"https:\/\/g1.globo.com\/educacao\/noticia\/2019\/05\/28\/com-5-milhoes-enem-tem-o-menor-numero-de-inscritos-confirmados-desde-2010.ghtml\">Enem registrou o menor n\u00famero de inscri\u00e7\u00f5es<\/a>confirmadas desde 2010. As provas ser\u00e3o realizadas nos dias 3 e 10 de novembro, primeiro e segundo domingo do m\u00eas.<\/p>\n<\/div>\n<div class=\"mc-column content-text active-extra-styles \" data-block-type=\"unstyled\" data-block-weight=\"36\" data-block-id=\"5\">\n<p class=\"content-text__container \" data-track-category=\"Link no Texto\" data-track-links=\"\">Do total de inscritos na Bahia, 62,9% (248.862) s\u00e3o mulheres e 37,1% (146.576) s\u00e3o homens. As pessoas com idades entre 21 a 30 s\u00e3o maioria no Enem deste ano. Elas correspondem a 30,4% (120.204) dos inscritos.<\/p>\n<\/div>\n<div class=\"mc-column content-text active-extra-styles \" data-block-type=\"unstyled\" data-block-weight=\"41\" data-block-id=\"6\">\n<p class=\"content-text__container \" data-track-category=\"Link no Texto\" data-track-links=\"\">A capital baiana foi a que teve o maior n\u00famero de inscritos, totalizando 87.895 candidatos. Seguido de Salvador, se destacam no n\u00famero de participantes as cidades de Feira de Santana, com 26.116 inscritos, e Vit\u00f3ria da Conquista, com 15.081 candidatos.<\/p>\n<\/div>\n<div class=\"mc-column content-text active-extra-styles \" data-block-type=\"unstyled\" data-block-weight=\"16\" data-block-id=\"7\">\n<p class=\"content-text__container \" data-track-category=\"Link no Texto\" data-track-links=\"\">A maior parte dos candidatos confirmados \u00e9 negra: 51,1% se autodeclararam pardos e 28,4%, pretos.<\/p>\n<\/div>\n<\/div>\n","protected":false},"excerpt":{"rendered":"<p>O Exame Nacional do Ensino M\u00e9dio (Enem) 2019 registrou 395.438 mil inscritos na Bahia, conforme divulgou o Instituto Nacional de Estudos e Pesquisas Educacionais An\u00edsio Teixeira (Inep), respons\u00e1vel pelo exame. Em todo o pa\u00eds,\u00a0a edi\u00e7\u00e3o deste ano contou com 5.095.382 de inscritos. Este ano, o\u00a0Enem registrou o menor n\u00famero de inscri\u00e7\u00f5esconfirmadas desde 2010. As provas [&hellip;]<\/p>\n","protected":false},"author":2,"featured_media":80996,"comment_status":"open","ping_status":"open","sticky":false,"template":"","format":"standard","meta":{"footnotes":"","_links_to":"","_links_to_target":""},"categories":[1],"tags":[],"class_list":["post-80995","post","type-post","status-publish","format-standard","has-post-thumbnail","hentry","category-geral"],"views":804,"_links":{"self":[{"href":"https:\/\/www.sudoestehoje.com.br\/novoportal\/wp-json\/wp\/v2\/posts\/80995","targetHints":{"allow":["GET"]}}],"collection":[{"href":"https:\/\/www.sudoestehoje.com.br\/novoportal\/wp-json\/wp\/v2\/posts"}],"about":[{"href":"https:\/\/www.sudoestehoje.com.br\/novoportal\/wp-json\/wp\/v2\/types\/post"}],"author":[{"embeddable":true,"href":"https:\/\/www.sudoestehoje.com.br\/novoportal\/wp-json\/wp\/v2\/users\/2"}],"replies":[{"embeddable":true,"href":"https:\/\/www.sudoestehoje.com.br\/novoportal\/wp-json\/wp\/v2\/comments?post=80995"}],"version-history":[{"count":1,"href":"https:\/\/www.sudoestehoje.com.br\/novoportal\/wp-json\/wp\/v2\/posts\/80995\/revisions"}],"predecessor-version":[{"id":80997,"href":"https:\/\/www.sudoestehoje.com.br\/novoportal\/wp-json\/wp\/v2\/posts\/80995\/revisions\/80997"}],"wp:featuredmedia":[{"embeddable":true,"href":"https:\/\/www.sudoestehoje.com.br\/novoportal\/wp-json\/wp\/v2\/media\/80996"}],"wp:attachment":[{"href":"https:\/\/www.sudoestehoje.com.br\/novoportal\/wp-json\/wp\/v2\/media?parent=80995"}],"wp:term":[{"taxonomy":"category","embeddable":true,"href":"https:\/\/www.sudoestehoje.com.br\/novoportal\/wp-json\/wp\/v2\/categories?post=80995"},{"taxonomy":"post_tag","embeddable":true,"href":"https:\/\/www.sudoestehoje.com.br\/novoportal\/wp-json\/wp\/v2\/tags?post=80995"}],"curies":[{"name":"wp","href":"https:\/\/api.w.org\/{rel}","templated":true}]}}