
{"id":80982,"date":"2019-07-15T21:18:08","date_gmt":"2019-07-16T00:18:08","guid":{"rendered":"https:\/\/www.sudoestehoje.com.br\/novoportal\/?p=80982"},"modified":"2019-07-15T21:18:08","modified_gmt":"2019-07-16T00:18:08","slug":"acidente-envolvendo-caminhao-e-carros-de-passeio-mata-tres-itabunenses-na-101","status":"publish","type":"post","link":"https:\/\/www.sudoestehoje.com.br\/novoportal\/2019\/07\/15\/acidente-envolvendo-caminhao-e-carros-de-passeio-mata-tres-itabunenses-na-101\/","title":{"rendered":"ACIDENTE ENVOLVENDO CAMINH\u00c3O E CARROS DE PASSEIO MATA TR\u00caS ITABUNENSES NA 101"},"content":{"rendered":"<h2 class=\"PostHeaderIcon-wrapper\"><a href=\"https:\/\/www.sudoestehoje.com.br\/novoportal\/wp-content\/uploads\/2019\/07\/acidente-15-de-julho-580x326.jpg\"><img loading=\"lazy\" decoding=\"async\" class=\"aligncenter size-medium wp-image-80983\" src=\"https:\/\/www.sudoestehoje.com.br\/novoportal\/wp-content\/uploads\/2019\/07\/acidente-15-de-julho-580x326-500x281.jpg\" alt=\"\" width=\"500\" height=\"281\" srcset=\"https:\/\/www.sudoestehoje.com.br\/novoportal\/wp-content\/uploads\/2019\/07\/acidente-15-de-julho-580x326-500x281.jpg 500w, https:\/\/www.sudoestehoje.com.br\/novoportal\/wp-content\/uploads\/2019\/07\/acidente-15-de-julho-580x326.jpg 580w\" sizes=\"auto, (max-width: 500px) 100vw, 500px\" \/><\/a><\/h2>\n<p>Uma colis\u00e3o envolvendo um caminh\u00e3o carregado de blocos para constru\u00e7\u00e3o e dois carros de passeio deixou, pelo menos, tr\u00eas pessoas mortas e outras tr\u00eas feridas, nesta segunda-feira (15), no Km 213 da BR-101, perto da cidade de Governador Mangabeira. Dois moradores de Itabuna morreram no local e um terceiro chegou a ser socorrido, mas n\u00e3o teria resistido.<\/p>\n<p>Segundo a Pol\u00edcia Rodovi\u00e1ria Federal (PRF), um caminh\u00e3o que transportava blocos de constru\u00e7\u00e3o colidiu com um ve\u00edculo de passeio (\u00d4nix), que rodou na pista e atingiu um terceiro ve\u00edculo, uma caminhonete Ranger. A PRF informou que ainda n\u00e3o sabe o que causou o acidente. Um dos carros de passeio ficou completamente destru\u00eddo e o motorista preso \u00e0s ferragens.<\/p>\n<p><a href=\"https:\/\/www.sudoestehoje.com.br\/novoportal\/wp-content\/uploads\/2019\/07\/Acidente-em-Governador-Mangabeira-580x327.jpg\"><img loading=\"lazy\" decoding=\"async\" class=\"aligncenter size-medium wp-image-80984\" src=\"https:\/\/www.sudoestehoje.com.br\/novoportal\/wp-content\/uploads\/2019\/07\/Acidente-em-Governador-Mangabeira-580x327-500x282.jpg\" alt=\"\" width=\"500\" height=\"282\" srcset=\"https:\/\/www.sudoestehoje.com.br\/novoportal\/wp-content\/uploads\/2019\/07\/Acidente-em-Governador-Mangabeira-580x327-500x282.jpg 500w, https:\/\/www.sudoestehoje.com.br\/novoportal\/wp-content\/uploads\/2019\/07\/Acidente-em-Governador-Mangabeira-580x327.jpg 580w\" sizes=\"auto, (max-width: 500px) 100vw, 500px\" \/><\/a><\/p>\n<p>Um morador de Itabuna chegou a ser socorrido, mas n\u00e3o teria resistido aos ferimentos, segundo informou o Blog Verdinho. O jovem teria sido identificado pelo prenome de Fabiano. As outras duas pessoas de Itabuna mortas na colis\u00e3o, conforme o blog, foram identificadas pelos prenomes Evangelha e Ingrid. \/\/<em>Pimenta<\/em><\/p>\n","protected":false},"excerpt":{"rendered":"<p>Uma colis\u00e3o envolvendo um caminh\u00e3o carregado de blocos para constru\u00e7\u00e3o e dois carros de passeio deixou, pelo menos, tr\u00eas pessoas mortas e outras tr\u00eas feridas, nesta segunda-feira (15), no Km 213 da BR-101, perto da cidade de Governador Mangabeira. Dois moradores de Itabuna morreram no local e um terceiro chegou a ser socorrido, mas n\u00e3o [&hellip;]<\/p>\n","protected":false},"author":2,"featured_media":80983,"comment_status":"open","ping_status":"open","sticky":false,"template":"","format":"standard","meta":{"footnotes":"","_links_to":"","_links_to_target":""},"categories":[1],"tags":[],"class_list":["post-80982","post","type-post","status-publish","format-standard","has-post-thumbnail","hentry","category-geral"],"views":716,"_links":{"self":[{"href":"https:\/\/www.sudoestehoje.com.br\/novoportal\/wp-json\/wp\/v2\/posts\/80982","targetHints":{"allow":["GET"]}}],"collection":[{"href":"https:\/\/www.sudoestehoje.com.br\/novoportal\/wp-json\/wp\/v2\/posts"}],"about":[{"href":"https:\/\/www.sudoestehoje.com.br\/novoportal\/wp-json\/wp\/v2\/types\/post"}],"author":[{"embeddable":true,"href":"https:\/\/www.sudoestehoje.com.br\/novoportal\/wp-json\/wp\/v2\/users\/2"}],"replies":[{"embeddable":true,"href":"https:\/\/www.sudoestehoje.com.br\/novoportal\/wp-json\/wp\/v2\/comments?post=80982"}],"version-history":[{"count":2,"href":"https:\/\/www.sudoestehoje.com.br\/novoportal\/wp-json\/wp\/v2\/posts\/80982\/revisions"}],"predecessor-version":[{"id":80986,"href":"https:\/\/www.sudoestehoje.com.br\/novoportal\/wp-json\/wp\/v2\/posts\/80982\/revisions\/80986"}],"wp:featuredmedia":[{"embeddable":true,"href":"https:\/\/www.sudoestehoje.com.br\/novoportal\/wp-json\/wp\/v2\/media\/80983"}],"wp:attachment":[{"href":"https:\/\/www.sudoestehoje.com.br\/novoportal\/wp-json\/wp\/v2\/media?parent=80982"}],"wp:term":[{"taxonomy":"category","embeddable":true,"href":"https:\/\/www.sudoestehoje.com.br\/novoportal\/wp-json\/wp\/v2\/categories?post=80982"},{"taxonomy":"post_tag","embeddable":true,"href":"https:\/\/www.sudoestehoje.com.br\/novoportal\/wp-json\/wp\/v2\/tags?post=80982"}],"curies":[{"name":"wp","href":"https:\/\/api.w.org\/{rel}","templated":true}]}}