
{"id":80977,"date":"2019-06-29T20:46:44","date_gmt":"2019-06-29T23:46:44","guid":{"rendered":"https:\/\/www.sudoestehoje.com.br\/novoportal\/?p=80977"},"modified":"2019-07-15T20:52:41","modified_gmt":"2019-07-15T23:52:41","slug":"macarani-autoridades-prestigiam-abertura-da-festa-de-sao-pedro","status":"publish","type":"post","link":"https:\/\/www.sudoestehoje.com.br\/novoportal\/2019\/06\/29\/macarani-autoridades-prestigiam-abertura-da-festa-de-sao-pedro\/","title":{"rendered":"MACARANI: AUTORIDADES PRESTIGIAM ABERTURA DA FESTA DE S\u00c3O PEDRO"},"content":{"rendered":"<p><a href=\"https:\/\/www.sudoestehoje.com.br\/novoportal\/wp-content\/uploads\/2019\/07\/SPMACA-4.jpg\"><img loading=\"lazy\" decoding=\"async\" class=\"aligncenter size-medium wp-image-80979\" src=\"https:\/\/www.sudoestehoje.com.br\/novoportal\/wp-content\/uploads\/2019\/07\/SPMACA-4-500x278.jpg\" alt=\"\" width=\"500\" height=\"278\" srcset=\"https:\/\/www.sudoestehoje.com.br\/novoportal\/wp-content\/uploads\/2019\/07\/SPMACA-4-500x278.jpg 500w, https:\/\/www.sudoestehoje.com.br\/novoportal\/wp-content\/uploads\/2019\/07\/SPMACA-4.jpg 640w\" sizes=\"auto, (max-width: 500px) 100vw, 500px\" \/><\/a><\/p>\n<p>Amigo de Macarani, e deputado federal mais votado no munic\u00edpio nas \u00faltimas elei\u00e7\u00f5es, o deputado federal\u00a0<b>Jos\u00e9 Rocha (PR)<\/b>\u00a0participou do primeiro dia do S\u00e3o Pedro de Macarani. Z\u00e9 Rocha chegou no final da tarde em Macarani, onde foi recebido com carinho na casa do prefeito municipal Dr. Miller Ferraz.<\/p>\n<div class=\"separator\">O deputado \u00e9 o que mais direcionou emendas parlamentares ao munic\u00edpio de Macarani, desde de 2017, no come\u00e7o da gest\u00e3o do prefeito Miller Ferraz, Z\u00e9 Rocha j\u00e1 direcionou mais de\u00a0<b>3 milh\u00f5es de reais<\/b>,\u00a0<b>para todas as \u00e1reas p\u00fablicas,<\/b>com destaque na sa\u00fade, com uma emenda de mais de 1 milh\u00e3o de reais, a atual administra\u00e7\u00e3o est\u00e1 equipando e modernizando o Hospital S\u00e3o Pedro.<\/div>\n<div><a href=\"https:\/\/www.sudoestehoje.com.br\/novoportal\/wp-content\/uploads\/2019\/07\/SP-MACA-3.jpg\"><img loading=\"lazy\" decoding=\"async\" class=\"aligncenter size-medium wp-image-80978\" src=\"https:\/\/www.sudoestehoje.com.br\/novoportal\/wp-content\/uploads\/2019\/07\/SP-MACA-3-500x333.jpg\" alt=\"\" width=\"500\" height=\"333\" srcset=\"https:\/\/www.sudoestehoje.com.br\/novoportal\/wp-content\/uploads\/2019\/07\/SP-MACA-3-500x333.jpg 500w, https:\/\/www.sudoestehoje.com.br\/novoportal\/wp-content\/uploads\/2019\/07\/SP-MACA-3.jpg 640w\" sizes=\"auto, (max-width: 500px) 100vw, 500px\" \/><\/a><\/div>\n<div class=\"separator\"><\/div>\n<div>Os vereadores Marlon Sousa, Rob\u00e9rio Rold\u00e3o, Edmilson Lima, J\u00e1rbio Nascimento, Z\u00e9 Paulo, Jorge Motos e Andr\u00e9 Ferraz, estiveram com o deputado e prefeito, unindo o legislativo\u00a0para o bem do povo<\/div>\n","protected":false},"excerpt":{"rendered":"<p>Amigo de Macarani, e deputado federal mais votado no munic\u00edpio nas \u00faltimas elei\u00e7\u00f5es, o deputado federal\u00a0Jos\u00e9 Rocha (PR)\u00a0participou do primeiro dia do S\u00e3o Pedro de Macarani. Z\u00e9 Rocha chegou no final da tarde em Macarani, onde foi recebido com carinho na casa do prefeito municipal Dr. Miller Ferraz. O deputado \u00e9 o que mais direcionou [&hellip;]<\/p>\n","protected":false},"author":2,"featured_media":80978,"comment_status":"open","ping_status":"open","sticky":false,"template":"","format":"standard","meta":{"footnotes":"","_links_to":"","_links_to_target":""},"categories":[1],"tags":[],"class_list":["post-80977","post","type-post","status-publish","format-standard","has-post-thumbnail","hentry","category-geral"],"views":703,"_links":{"self":[{"href":"https:\/\/www.sudoestehoje.com.br\/novoportal\/wp-json\/wp\/v2\/posts\/80977","targetHints":{"allow":["GET"]}}],"collection":[{"href":"https:\/\/www.sudoestehoje.com.br\/novoportal\/wp-json\/wp\/v2\/posts"}],"about":[{"href":"https:\/\/www.sudoestehoje.com.br\/novoportal\/wp-json\/wp\/v2\/types\/post"}],"author":[{"embeddable":true,"href":"https:\/\/www.sudoestehoje.com.br\/novoportal\/wp-json\/wp\/v2\/users\/2"}],"replies":[{"embeddable":true,"href":"https:\/\/www.sudoestehoje.com.br\/novoportal\/wp-json\/wp\/v2\/comments?post=80977"}],"version-history":[{"count":2,"href":"https:\/\/www.sudoestehoje.com.br\/novoportal\/wp-json\/wp\/v2\/posts\/80977\/revisions"}],"predecessor-version":[{"id":80981,"href":"https:\/\/www.sudoestehoje.com.br\/novoportal\/wp-json\/wp\/v2\/posts\/80977\/revisions\/80981"}],"wp:featuredmedia":[{"embeddable":true,"href":"https:\/\/www.sudoestehoje.com.br\/novoportal\/wp-json\/wp\/v2\/media\/80978"}],"wp:attachment":[{"href":"https:\/\/www.sudoestehoje.com.br\/novoportal\/wp-json\/wp\/v2\/media?parent=80977"}],"wp:term":[{"taxonomy":"category","embeddable":true,"href":"https:\/\/www.sudoestehoje.com.br\/novoportal\/wp-json\/wp\/v2\/categories?post=80977"},{"taxonomy":"post_tag","embeddable":true,"href":"https:\/\/www.sudoestehoje.com.br\/novoportal\/wp-json\/wp\/v2\/tags?post=80977"}],"curies":[{"name":"wp","href":"https:\/\/api.w.org\/{rel}","templated":true}]}}