
{"id":80972,"date":"2019-07-01T20:38:35","date_gmt":"2019-07-01T23:38:35","guid":{"rendered":"https:\/\/www.sudoestehoje.com.br\/novoportal\/?p=80972"},"modified":"2019-07-15T20:44:21","modified_gmt":"2019-07-15T23:44:21","slug":"multidao-prestigiou-grandes-shows-na-festa-de-sao-pedro-em-macarani","status":"publish","type":"post","link":"https:\/\/www.sudoestehoje.com.br\/novoportal\/2019\/07\/01\/multidao-prestigiou-grandes-shows-na-festa-de-sao-pedro-em-macarani\/","title":{"rendered":"MULTID\u00c3O PRESTIGIOU GRANDES SHOWS NA FESTA DE S\u00c3O PEDRO EM MACARANI"},"content":{"rendered":"<p><a href=\"https:\/\/www.sudoestehoje.com.br\/novoportal\/wp-content\/uploads\/2019\/07\/SP-MACA-2.jpg\"><img loading=\"lazy\" decoding=\"async\" class=\"aligncenter size-medium wp-image-80974\" src=\"https:\/\/www.sudoestehoje.com.br\/novoportal\/wp-content\/uploads\/2019\/07\/SP-MACA-2-500x281.jpg\" alt=\"\" width=\"500\" height=\"281\" srcset=\"https:\/\/www.sudoestehoje.com.br\/novoportal\/wp-content\/uploads\/2019\/07\/SP-MACA-2-500x281.jpg 500w, https:\/\/www.sudoestehoje.com.br\/novoportal\/wp-content\/uploads\/2019\/07\/SP-MACA-2.jpg 640w\" sizes=\"auto, (max-width: 500px) 100vw, 500px\" \/><\/a><\/p>\n<p>O Largo S\u00e3o Pedro ficou lotado e o p\u00fablico curtiu at\u00e9 o dia raiar a segunda noite do S\u00e3o Pedro em Macarani. A abertura foi animada com o show de Pedrinho Aguiar.\u00a0Can\u00e1rios do Reino foi a segunda banda a se apresentar, e com muito forr\u00f3, esquentou o p\u00fablico.<\/p>\n<p><a href=\"https:\/\/www.sudoestehoje.com.br\/novoportal\/wp-content\/uploads\/2019\/07\/SP-MACA-1.jpg\"><img loading=\"lazy\" decoding=\"async\" class=\"aligncenter size-medium wp-image-80973\" src=\"https:\/\/www.sudoestehoje.com.br\/novoportal\/wp-content\/uploads\/2019\/07\/SP-MACA-1-500x281.jpg\" alt=\"\" width=\"500\" height=\"281\" srcset=\"https:\/\/www.sudoestehoje.com.br\/novoportal\/wp-content\/uploads\/2019\/07\/SP-MACA-1-500x281.jpg 500w, https:\/\/www.sudoestehoje.com.br\/novoportal\/wp-content\/uploads\/2019\/07\/SP-MACA-1.jpg 640w\" sizes=\"auto, (max-width: 500px) 100vw, 500px\" \/><\/a><\/p>\n<p>E mesmo com atraso, a Banda Calcinha Preta fechou com chave de ouro na madrugada de Domingo (30). O p\u00fablico esperou a banda no Largo S\u00e3o Pedro e fez um verdadeiro espet\u00e1culo cantando juntamente com Bell, Daniel Diau, Silv\u00e2nia e Paulinha Abelha.<\/p>\n","protected":false},"excerpt":{"rendered":"<p>O Largo S\u00e3o Pedro ficou lotado e o p\u00fablico curtiu at\u00e9 o dia raiar a segunda noite do S\u00e3o Pedro em Macarani. A abertura foi animada com o show de Pedrinho Aguiar.\u00a0Can\u00e1rios do Reino foi a segunda banda a se apresentar, e com muito forr\u00f3, esquentou o p\u00fablico. E mesmo com atraso, a Banda Calcinha [&hellip;]<\/p>\n","protected":false},"author":2,"featured_media":80974,"comment_status":"open","ping_status":"open","sticky":false,"template":"","format":"standard","meta":{"footnotes":"","_links_to":"","_links_to_target":""},"categories":[1],"tags":[],"class_list":["post-80972","post","type-post","status-publish","format-standard","has-post-thumbnail","hentry","category-geral"],"views":1522,"_links":{"self":[{"href":"https:\/\/www.sudoestehoje.com.br\/novoportal\/wp-json\/wp\/v2\/posts\/80972","targetHints":{"allow":["GET"]}}],"collection":[{"href":"https:\/\/www.sudoestehoje.com.br\/novoportal\/wp-json\/wp\/v2\/posts"}],"about":[{"href":"https:\/\/www.sudoestehoje.com.br\/novoportal\/wp-json\/wp\/v2\/types\/post"}],"author":[{"embeddable":true,"href":"https:\/\/www.sudoestehoje.com.br\/novoportal\/wp-json\/wp\/v2\/users\/2"}],"replies":[{"embeddable":true,"href":"https:\/\/www.sudoestehoje.com.br\/novoportal\/wp-json\/wp\/v2\/comments?post=80972"}],"version-history":[{"count":2,"href":"https:\/\/www.sudoestehoje.com.br\/novoportal\/wp-json\/wp\/v2\/posts\/80972\/revisions"}],"predecessor-version":[{"id":80976,"href":"https:\/\/www.sudoestehoje.com.br\/novoportal\/wp-json\/wp\/v2\/posts\/80972\/revisions\/80976"}],"wp:featuredmedia":[{"embeddable":true,"href":"https:\/\/www.sudoestehoje.com.br\/novoportal\/wp-json\/wp\/v2\/media\/80974"}],"wp:attachment":[{"href":"https:\/\/www.sudoestehoje.com.br\/novoportal\/wp-json\/wp\/v2\/media?parent=80972"}],"wp:term":[{"taxonomy":"category","embeddable":true,"href":"https:\/\/www.sudoestehoje.com.br\/novoportal\/wp-json\/wp\/v2\/categories?post=80972"},{"taxonomy":"post_tag","embeddable":true,"href":"https:\/\/www.sudoestehoje.com.br\/novoportal\/wp-json\/wp\/v2\/tags?post=80972"}],"curies":[{"name":"wp","href":"https:\/\/api.w.org\/{rel}","templated":true}]}}