
{"id":80967,"date":"2019-07-10T20:29:35","date_gmt":"2019-07-10T23:29:35","guid":{"rendered":"https:\/\/www.sudoestehoje.com.br\/novoportal\/?p=80967"},"modified":"2019-07-15T20:36:09","modified_gmt":"2019-07-15T23:36:09","slug":"macarani-secretaria-de-educacao-realiza-encontro-para-tratar-do-busca-ativa-escolar","status":"publish","type":"post","link":"https:\/\/www.sudoestehoje.com.br\/novoportal\/2019\/07\/10\/macarani-secretaria-de-educacao-realiza-encontro-para-tratar-do-busca-ativa-escolar\/","title":{"rendered":"MACARANI: SECRETARIA DE EDUCA\u00c7\u00c3O REALIZA ENCONTRO PARA TRATAR DO &#8216;BUSCA ATIVA ESCOLAR&#8217;"},"content":{"rendered":"<div><\/div>\n<div><a href=\"https:\/\/www.sudoestehoje.com.br\/novoportal\/wp-content\/uploads\/2019\/07\/festa-escola-n\u00e3o-pode.jpg\"><img loading=\"lazy\" decoding=\"async\" class=\"aligncenter size-medium wp-image-80970\" src=\"https:\/\/www.sudoestehoje.com.br\/novoportal\/wp-content\/uploads\/2019\/07\/festa-escola-n\u00e3o-pode-500x333.jpg\" alt=\"\" width=\"500\" height=\"333\" srcset=\"https:\/\/www.sudoestehoje.com.br\/novoportal\/wp-content\/uploads\/2019\/07\/festa-escola-n\u00e3o-pode-500x333.jpg 500w, https:\/\/www.sudoestehoje.com.br\/novoportal\/wp-content\/uploads\/2019\/07\/festa-escola-n\u00e3o-pode.jpg 640w\" sizes=\"auto, (max-width: 500px) 100vw, 500px\" \/><\/a><\/div>\n<div>Nesta ter\u00e7a-feira (9) a\u00a0Secretaria de Educa\u00e7\u00e3o de Macarani realizou o segundo encontro intersetorial, com a ades\u00e3o da iniciativa da Unicef\u00a0<b>&#8220;Fora da Escola N\u00e3o Pode&#8221;<\/b><b>.\u00a0<\/b>A Secretaria est\u00e1\u00a0realizando a estrat\u00e9gia Busca Ativa Escolar no munic\u00edpio.<\/div>\n<div><\/div>\n<div>O objetivo da reuni\u00e3o foi o de apresentar os desafios da estrat\u00e9gia Busca Ativa Escolar no munic\u00edpio, buscando atrav\u00e9s da intersetorialidade identificar, engajar e mobilizar parceiros para a implementa\u00e7\u00e3o intersetorial da busca ativa escolar. Dessa forma, foi apresentado e discutido as caracter\u00edsticas, din\u00e2micas e responsabilidade do trabalho do Supervisor Institucional, T\u00e9cnico Verificador a Agente de Campo e Conselho Tutelar. \/\/Secom<\/div>\n","protected":false},"excerpt":{"rendered":"<p>Nesta ter\u00e7a-feira (9) a\u00a0Secretaria de Educa\u00e7\u00e3o de Macarani realizou o segundo encontro intersetorial, com a ades\u00e3o da iniciativa da Unicef\u00a0&#8220;Fora da Escola N\u00e3o Pode&#8221;.\u00a0A Secretaria est\u00e1\u00a0realizando a estrat\u00e9gia Busca Ativa Escolar no munic\u00edpio. O objetivo da reuni\u00e3o foi o de apresentar os desafios da estrat\u00e9gia Busca Ativa Escolar no munic\u00edpio, buscando atrav\u00e9s da intersetorialidade identificar, [&hellip;]<\/p>\n","protected":false},"author":2,"featured_media":80970,"comment_status":"open","ping_status":"open","sticky":false,"template":"","format":"standard","meta":{"footnotes":"","_links_to":"","_links_to_target":""},"categories":[1],"tags":[],"class_list":["post-80967","post","type-post","status-publish","format-standard","has-post-thumbnail","hentry","category-geral"],"views":662,"_links":{"self":[{"href":"https:\/\/www.sudoestehoje.com.br\/novoportal\/wp-json\/wp\/v2\/posts\/80967","targetHints":{"allow":["GET"]}}],"collection":[{"href":"https:\/\/www.sudoestehoje.com.br\/novoportal\/wp-json\/wp\/v2\/posts"}],"about":[{"href":"https:\/\/www.sudoestehoje.com.br\/novoportal\/wp-json\/wp\/v2\/types\/post"}],"author":[{"embeddable":true,"href":"https:\/\/www.sudoestehoje.com.br\/novoportal\/wp-json\/wp\/v2\/users\/2"}],"replies":[{"embeddable":true,"href":"https:\/\/www.sudoestehoje.com.br\/novoportal\/wp-json\/wp\/v2\/comments?post=80967"}],"version-history":[{"count":3,"href":"https:\/\/www.sudoestehoje.com.br\/novoportal\/wp-json\/wp\/v2\/posts\/80967\/revisions"}],"predecessor-version":[{"id":80971,"href":"https:\/\/www.sudoestehoje.com.br\/novoportal\/wp-json\/wp\/v2\/posts\/80967\/revisions\/80971"}],"wp:featuredmedia":[{"embeddable":true,"href":"https:\/\/www.sudoestehoje.com.br\/novoportal\/wp-json\/wp\/v2\/media\/80970"}],"wp:attachment":[{"href":"https:\/\/www.sudoestehoje.com.br\/novoportal\/wp-json\/wp\/v2\/media?parent=80967"}],"wp:term":[{"taxonomy":"category","embeddable":true,"href":"https:\/\/www.sudoestehoje.com.br\/novoportal\/wp-json\/wp\/v2\/categories?post=80967"},{"taxonomy":"post_tag","embeddable":true,"href":"https:\/\/www.sudoestehoje.com.br\/novoportal\/wp-json\/wp\/v2\/tags?post=80967"}],"curies":[{"name":"wp","href":"https:\/\/api.w.org\/{rel}","templated":true}]}}