
{"id":80949,"date":"2019-07-14T21:14:45","date_gmt":"2019-07-15T00:14:45","guid":{"rendered":"https:\/\/www.sudoestehoje.com.br\/novoportal\/?p=80949"},"modified":"2019-07-14T21:39:54","modified_gmt":"2019-07-15T00:39:54","slug":"prefeito-de-conquista-defende-divisao-da-bahia-em-dois-estados-bahia-e-bahia-do-sul","status":"publish","type":"post","link":"https:\/\/www.sudoestehoje.com.br\/novoportal\/2019\/07\/14\/prefeito-de-conquista-defende-divisao-da-bahia-em-dois-estados-bahia-e-bahia-do-sul\/","title":{"rendered":"PREFEITO DE CONQUISTA DEFENDE DIVIS\u00c3O DA BAHIA EM DOIS ESTADOS; BAHIA E BAHIA DO SUL"},"content":{"rendered":"<p><a href=\"https:\/\/www.sudoestehoje.com.br\/novoportal\/wp-content\/uploads\/2019\/07\/divisao-bahia.jpg\"><img loading=\"lazy\" decoding=\"async\" class=\"aligncenter size-medium wp-image-80950\" src=\"https:\/\/www.sudoestehoje.com.br\/novoportal\/wp-content\/uploads\/2019\/07\/divisao-bahia-500x333.jpg\" alt=\"\" width=\"500\" height=\"333\" srcset=\"https:\/\/www.sudoestehoje.com.br\/novoportal\/wp-content\/uploads\/2019\/07\/divisao-bahia-500x333.jpg 500w, https:\/\/www.sudoestehoje.com.br\/novoportal\/wp-content\/uploads\/2019\/07\/divisao-bahia.jpg 530w\" sizes=\"auto, (max-width: 500px) 100vw, 500px\" \/><\/a><\/p>\n<p>Com 417 munic\u00edpios e mais de 300 distritos com possibilidade de serem emancipados num territ\u00f3rio nas mesmas propor\u00e7\u00f5es da Fran\u00e7a, a divis\u00e3o da Bahia \u00e9 um assunto que vem sendo discutido h\u00e1 longos anos. Essa pauta volta ao destaque atrav\u00e9s do prefeito Herzem Gusm\u00e3o Pereira que defende a cria\u00e7\u00e3o da \u201cBahia do Sul\u201d.<\/p>\n<p>Em entrevista ao site Boc\u00e3o News, Herzem Gusm\u00e3o diz que tem apoio de v\u00e1rios prefeitos, entre eles o de Brumado, Eduardo Vasconcelos Lima. <em>\u201cE quem sabe que a minha querida Vit\u00f3ria da Conquista fosse a Capital\u201d<\/em>, afirma o emedebista. O desejo existe, mas isso n\u00e3o se comenta no Pal\u00e1cio de Ondina, resid\u00eancia oficial do governador Rui Costa Santos.<\/p>\n<p>DOIS OU TR\u00caS ESTADOS?<\/p>\n<p>A Bahia \u00e9 um estado muito grande , maior mesmo que alguns pa\u00edses. Portanto, uma divis\u00e3o seria algo que beneficiaria os munic\u00edpios do interior, em especial cidades pequenas e regi\u00f5es que sofrem com a falta de infraestrutura, escolas, saneamento e empregos, devido \u00e0 aus\u00eancia do Estado nas regi\u00f5es mais long\u00ednquas.<\/p>\n<p>Existe uma proposta que defende dividir a Bahia em 3 Estados: <strong>Bahia, <\/strong>que abrangeria Salvador, Rec\u00f4ncavo, Nordeste, Chapada e Norte do Estado; <strong>Santa Cruz ou Bahia do Sul,<\/strong> que englobaria o Sul, Extremo Sul e Sudoeste do Estado, tendo como op\u00e7\u00f5es para capital\u00a0 as cidades de Vit\u00f3ria da Conquista , Itabuna ou Porto Seguro; e <strong>S\u00e3o Francisco, <\/strong>abrangendo toda a Regi\u00e3o Oeste a partir do Rio S\u00e3o Francisco, cuja capital poderia ser Barreiras ou Luiz Eduardo Magalh\u00e3es.<\/p>\n<p>Na Constituinte de 1988, o atual prefeito de Itabuna, Fernando Gomes, defendeu como deputado federal a cria\u00e7\u00e3o do Estado de Santa Cruz, mas o Congresso acabou n\u00e3o aprovando a proposta.<\/p>\n<p>Faltou pouco&#8230;<\/p>\n","protected":false},"excerpt":{"rendered":"<p>Com 417 munic\u00edpios e mais de 300 distritos com possibilidade de serem emancipados num territ\u00f3rio nas mesmas propor\u00e7\u00f5es da Fran\u00e7a, a divis\u00e3o da Bahia \u00e9 um assunto que vem sendo discutido h\u00e1 longos anos. Essa pauta volta ao destaque atrav\u00e9s do prefeito Herzem Gusm\u00e3o Pereira que defende a cria\u00e7\u00e3o da \u201cBahia do Sul\u201d. Em entrevista [&hellip;]<\/p>\n","protected":false},"author":2,"featured_media":80950,"comment_status":"open","ping_status":"open","sticky":false,"template":"","format":"standard","meta":{"footnotes":"","_links_to":"","_links_to_target":""},"categories":[1],"tags":[],"class_list":["post-80949","post","type-post","status-publish","format-standard","has-post-thumbnail","hentry","category-geral"],"views":2850,"_links":{"self":[{"href":"https:\/\/www.sudoestehoje.com.br\/novoportal\/wp-json\/wp\/v2\/posts\/80949","targetHints":{"allow":["GET"]}}],"collection":[{"href":"https:\/\/www.sudoestehoje.com.br\/novoportal\/wp-json\/wp\/v2\/posts"}],"about":[{"href":"https:\/\/www.sudoestehoje.com.br\/novoportal\/wp-json\/wp\/v2\/types\/post"}],"author":[{"embeddable":true,"href":"https:\/\/www.sudoestehoje.com.br\/novoportal\/wp-json\/wp\/v2\/users\/2"}],"replies":[{"embeddable":true,"href":"https:\/\/www.sudoestehoje.com.br\/novoportal\/wp-json\/wp\/v2\/comments?post=80949"}],"version-history":[{"count":4,"href":"https:\/\/www.sudoestehoje.com.br\/novoportal\/wp-json\/wp\/v2\/posts\/80949\/revisions"}],"predecessor-version":[{"id":80955,"href":"https:\/\/www.sudoestehoje.com.br\/novoportal\/wp-json\/wp\/v2\/posts\/80949\/revisions\/80955"}],"wp:featuredmedia":[{"embeddable":true,"href":"https:\/\/www.sudoestehoje.com.br\/novoportal\/wp-json\/wp\/v2\/media\/80950"}],"wp:attachment":[{"href":"https:\/\/www.sudoestehoje.com.br\/novoportal\/wp-json\/wp\/v2\/media?parent=80949"}],"wp:term":[{"taxonomy":"category","embeddable":true,"href":"https:\/\/www.sudoestehoje.com.br\/novoportal\/wp-json\/wp\/v2\/categories?post=80949"},{"taxonomy":"post_tag","embeddable":true,"href":"https:\/\/www.sudoestehoje.com.br\/novoportal\/wp-json\/wp\/v2\/tags?post=80949"}],"curies":[{"name":"wp","href":"https:\/\/api.w.org\/{rel}","templated":true}]}}