
{"id":80930,"date":"2019-07-13T19:01:45","date_gmt":"2019-07-13T22:01:45","guid":{"rendered":"https:\/\/www.sudoestehoje.com.br\/novoportal\/?p=80930"},"modified":"2019-07-13T19:31:56","modified_gmt":"2019-07-13T22:31:56","slug":"itororo-lancado-por-acm-neto-jonatas-lisboa-desponta-para-vencer-eleicao-em-2020","status":"publish","type":"post","link":"https:\/\/www.sudoestehoje.com.br\/novoportal\/2019\/07\/13\/itororo-lancado-por-acm-neto-jonatas-lisboa-desponta-para-vencer-eleicao-em-2020\/","title":{"rendered":"ITOROR\u00d3: LAN\u00c7ADO POR ACM NETO, J\u00d4NATAS LISBOA DESPONTA PARA VENCER ELEI\u00c7\u00c3O EM 2020"},"content":{"rendered":"<p style=\"line-height: 19.5pt; background: white; margin: 0cm 0cm 18.75pt 0cm;\"><a href=\"https:\/\/www.sudoestehoje.com.br\/novoportal\/wp-content\/uploads\/2019\/07\/jon-1.jpg\"><img loading=\"lazy\" decoding=\"async\" class=\"aligncenter size-medium wp-image-80933\" src=\"https:\/\/www.sudoestehoje.com.br\/novoportal\/wp-content\/uploads\/2019\/07\/jon-1-500x293.jpg\" alt=\"\" width=\"500\" height=\"293\" srcset=\"https:\/\/www.sudoestehoje.com.br\/novoportal\/wp-content\/uploads\/2019\/07\/jon-1-500x293.jpg 500w, https:\/\/www.sudoestehoje.com.br\/novoportal\/wp-content\/uploads\/2019\/07\/jon-1-768x449.jpg 768w, https:\/\/www.sudoestehoje.com.br\/novoportal\/wp-content\/uploads\/2019\/07\/jon-1-700x410.jpg 700w, https:\/\/www.sudoestehoje.com.br\/novoportal\/wp-content\/uploads\/2019\/07\/jon-1.jpg 1576w\" sizes=\"auto, (max-width: 500px) 100vw, 500px\" \/><\/a><\/p>\n<p style=\"line-height: 19.5pt; background: white; font-variant-ligatures: normal; font-variant-caps: normal; orphans: 2; widows: 2; -webkit-text-stroke-width: 0px; text-decoration-style: initial; text-decoration-color: initial; outline: none; word-spacing: 0px; margin: 0cm 0cm 18.75pt 0cm;\"><span style=\"font-family: 'Arial','sans-serif'; color: #2c2f34;\">Em pouco menos de tr\u00eas anos, a popula\u00e7\u00e3o de Itoror\u00f3 viu o crescimento de um pol\u00edtico promissor que est\u00e1 assombrando a velha guarda da pol\u00edtica da terra da Carne-de-Sol. Trata-se do ex-funcion\u00e1rio da Coelba, o jovem J\u00f4natas Lisboa, \u00fanico vereador que se elegeu pelo partido Democratas, em 2016, e que numa jogada pol\u00edtica primorosa de seus articuladores, al\u00e7ou voo para se tornar o presidente da C\u00e2mara no primeiro bi\u00eanio, elegendo seu sucessor Valfrido Miranda para o bi\u00eanio seguinte.\u00a0<\/span><\/p>\n<p style=\"line-height: 19.5pt; background: white; margin: 0cm 0cm 18.75pt 0cm;\"><span style=\"font-family: 'Arial','sans-serif'; color: #2c2f34;\">O sucesso de J\u00f4natas se consolidou com a sua candidatura a deputado federal em 2018, quando obteve quase 3 mil votos, sendo que em Itoror\u00f3, obteve 1.760 votos, com menos de 40 dias de campanha, a pedido de seu l\u00edder estadual ACM Neto. Foi o 2\u00ba mais votado no munic\u00edpio, perdendo apenas para o candidato do prefeito, com pequena diferen\u00e7a de votos.\u00a0<\/span><\/p>\n<p style=\"line-height: 19.5pt; background: white; margin: 0cm 0cm 18.75pt 0cm;\"><span style=\"font-family: 'Arial','sans-serif'; color: #2c2f34;\">De acordo com informa\u00e7\u00f5es colhidas pelo Sudoeste Hoje, o deputado Sandro R\u00e9gis j\u00e1 teria batido o martelo para que J\u00f4natas seja o candidato a prefeito do DEM em Itoror\u00f3, nas elei\u00e7\u00f5es de 2020.<\/span><\/p>\n<p style=\"line-height: 19.5pt; background: white; margin: 0cm 0cm 18.75pt 0cm;\"><span style=\"font-family: 'Arial','sans-serif'; color: #2c2f34;\">Com este cacife eleitoral, J\u00f4natas adquiriu prest\u00edgio suficiente para colocar seu nome na disputa local, tornando, a cada dia que passa, mais dif\u00edcil a vida dos velhos pol\u00edticos de Itoror\u00f3, um vexame sem precedentes.\u00a0<\/span><\/p>\n<p style=\"line-height: 19.5pt; background: white; margin: 0cm 0cm 18.75pt 0cm;\"><span style=\"font-family: 'Arial','sans-serif'; color: #2c2f34;\">J\u00f4natas, do alto de sua juventude com 33 anos, \u00e9 equilibrado, inteligente e compassivo, sabe ouvir as pessoas, o que o transformou em um nome preparado para assumir a prefeitura de Itoror\u00f3, a partir de janeiro de 2021, se o eleitorado do munic\u00edpio quiser uma <em>&#8216;mudan\u00e7a verdadeira&#8217;<\/em>.<\/span><\/p>\n","protected":false},"excerpt":{"rendered":"<p>Em pouco menos de tr\u00eas anos, a popula\u00e7\u00e3o de Itoror\u00f3 viu o crescimento de um pol\u00edtico promissor que est\u00e1 assombrando a velha guarda da pol\u00edtica da terra da Carne-de-Sol. Trata-se do ex-funcion\u00e1rio da Coelba, o jovem J\u00f4natas Lisboa, \u00fanico vereador que se elegeu pelo partido Democratas, em 2016, e que numa jogada pol\u00edtica primorosa de [&hellip;]<\/p>\n","protected":false},"author":2,"featured_media":80933,"comment_status":"open","ping_status":"open","sticky":false,"template":"","format":"standard","meta":{"footnotes":"","_links_to":"","_links_to_target":""},"categories":[1],"tags":[],"class_list":["post-80930","post","type-post","status-publish","format-standard","has-post-thumbnail","hentry","category-geral"],"views":1185,"_links":{"self":[{"href":"https:\/\/www.sudoestehoje.com.br\/novoportal\/wp-json\/wp\/v2\/posts\/80930","targetHints":{"allow":["GET"]}}],"collection":[{"href":"https:\/\/www.sudoestehoje.com.br\/novoportal\/wp-json\/wp\/v2\/posts"}],"about":[{"href":"https:\/\/www.sudoestehoje.com.br\/novoportal\/wp-json\/wp\/v2\/types\/post"}],"author":[{"embeddable":true,"href":"https:\/\/www.sudoestehoje.com.br\/novoportal\/wp-json\/wp\/v2\/users\/2"}],"replies":[{"embeddable":true,"href":"https:\/\/www.sudoestehoje.com.br\/novoportal\/wp-json\/wp\/v2\/comments?post=80930"}],"version-history":[{"count":5,"href":"https:\/\/www.sudoestehoje.com.br\/novoportal\/wp-json\/wp\/v2\/posts\/80930\/revisions"}],"predecessor-version":[{"id":80936,"href":"https:\/\/www.sudoestehoje.com.br\/novoportal\/wp-json\/wp\/v2\/posts\/80930\/revisions\/80936"}],"wp:featuredmedia":[{"embeddable":true,"href":"https:\/\/www.sudoestehoje.com.br\/novoportal\/wp-json\/wp\/v2\/media\/80933"}],"wp:attachment":[{"href":"https:\/\/www.sudoestehoje.com.br\/novoportal\/wp-json\/wp\/v2\/media?parent=80930"}],"wp:term":[{"taxonomy":"category","embeddable":true,"href":"https:\/\/www.sudoestehoje.com.br\/novoportal\/wp-json\/wp\/v2\/categories?post=80930"},{"taxonomy":"post_tag","embeddable":true,"href":"https:\/\/www.sudoestehoje.com.br\/novoportal\/wp-json\/wp\/v2\/tags?post=80930"}],"curies":[{"name":"wp","href":"https:\/\/api.w.org\/{rel}","templated":true}]}}