
{"id":80923,"date":"2019-07-13T13:17:31","date_gmt":"2019-07-13T16:17:31","guid":{"rendered":"https:\/\/www.sudoestehoje.com.br\/novoportal\/?p=80923"},"modified":"2019-07-13T13:20:43","modified_gmt":"2019-07-13T16:20:43","slug":"itapetinga-mp-rejeita-denuncia-anonima-contra-vereadores-blog-fake-e-investigado","status":"publish","type":"post","link":"https:\/\/www.sudoestehoje.com.br\/novoportal\/2019\/07\/13\/itapetinga-mp-rejeita-denuncia-anonima-contra-vereadores-blog-fake-e-investigado\/","title":{"rendered":"ITAPETINGA: MP REJEITA DEN\u00daNCIA AN\u00d4NIMA CONTRA VEREADORES; BLOG FAKE \u00c9 INVESTIGADO"},"content":{"rendered":"<p><a href=\"https:\/\/www.sudoestehoje.com.br\/novoportal\/wp-content\/uploads\/2019\/07\/CAMARA-1-1.jpg\"><img loading=\"lazy\" decoding=\"async\" class=\"aligncenter wp-image-80925\" src=\"https:\/\/www.sudoestehoje.com.br\/novoportal\/wp-content\/uploads\/2019\/07\/CAMARA-1-1.jpg\" alt=\"\" width=\"501\" height=\"295\" \/><\/a><\/p>\n<p>O promotor de Justi\u00e7a, Dr. Gean Carlos Le\u00e3o, representante do Minist\u00e9rio P\u00fablico junto \u00e0 Justi\u00e7a de Itapetinga, fez o arquivamento da representa\u00e7\u00e3o contra vereadores, que estavam sendo acusado de ter em seus gabinetes funcion\u00e1rios fantasmas. A den\u00fancia foi feita de forma an\u00f4nima e sem qualquer comprova\u00e7\u00e3o ou provas da conduta il\u00edcita.<\/p>\n<p>Segundo o promotor, o acolhimento de dela\u00e7\u00e3o an\u00f4nima permitiria a pr\u00e1tica de denuncismo inescrupuloso, voltado a prejudicar desafetos, impossibilitando eventual indeniza\u00e7\u00e3o por danos morais ou materiais, o que ofenderia os pricipios consagrados nos incisos V e X do artigo 5\u00ba da CF. Com efeito a simples denuncia ap\u00f3crifa n\u00e3o constitui elemento de prova, nem mesmo indiciaria, mas mera noticia dirigida por pessoa sem nenhum compromisso com a veracidade do conte\u00fado de suas informa\u00e7\u00f5es, pois a falta de identifica\u00e7\u00e3o inviabiliza, inclusive a sua responsabiliza\u00e7\u00e3o pela pr\u00e1tica de denuncia\u00e7\u00e3o caluniosa (art. 399 do C\u00f3digo Penal).<\/p>\n<p style=\"font-weight: 400;\">A presidente da C\u00e2mara, Naara Lima Duarte, disse que j\u00e1 esperava o arquivamento desta denuncia, pois n\u00e3o houve nenhuma irregularidade e as informa\u00e7\u00f5es que estavam na den\u00fancia eram inver\u00eddicas.<em> \u201c<strong>Os assessores parlamentares realizam os seus servi\u00e7os na c\u00e2mara e fora dela, pois a Lei permite dessa forma. O que n\u00f3s fizemos agora foi publicar uma portaria para dar maior transpar\u00eancia, cobrando dos vereadores que todo m\u00eas apresentem o relat\u00f3rio de atividades dos seus assessores. Estamos sendo v\u00edtimas de um grupo inescrupuloso que tentam tirar vantagens atrav\u00e9s de chantagens e n\u00e3o vamos ceder a essas chantagens<\/strong>\u201d <\/em>disse a presidente.<\/p>\n<p><a href=\"https:\/\/www.sudoestehoje.com.br\/novoportal\/wp-content\/uploads\/2019\/07\/mesa-camara-1-500x281-1-1.jpg\"><img loading=\"lazy\" decoding=\"async\" class=\"aligncenter size-medium wp-image-80928\" src=\"https:\/\/www.sudoestehoje.com.br\/novoportal\/wp-content\/uploads\/2019\/07\/mesa-camara-1-500x281-1-1-500x281.jpg\" alt=\"\" width=\"500\" height=\"281\" \/><\/a><\/p>\n<p style=\"font-weight: 400;\">Naara comentou tamb\u00e9m, que j\u00e1 pediu a abertura de investiga\u00e7\u00e3o no N\u00facleo de Combate a Crimes Cibern\u00e9ticos (Nucciber) para investigar a autoria de um site an\u00f4nimo que tem publicado den\u00fancias falsas contra diversos vereadores. <em>\u201c<strong>Foi criado um site an\u00f4nimo que vem fazendo mat\u00e9rias contra os vereadores de forma caluniosa. J\u00e1 pedimos uma investiga\u00e7\u00e3o e j\u00e1 temos a suspeita de quem seja o autor. O mais estranho \u00e9 que um vereador da oposi\u00e7\u00e3o apresenta um projeto de lei na c\u00e2mara para obrigar o ponto eletr\u00f4nico e cita em uma mat\u00e9ria esse site an\u00f4nimo<\/strong>\u201d<\/em> relatou.<\/p>\n<p style=\"font-weight: 400;\">Inclusive no seu despacho, o promotor Dr. Gean Carlos Le\u00e3o faz s\u00e9rias cr\u00edticas a quem utiliza do anonimato para fazer den\u00fancias <em>\u201c&#8230;\u00a0<strong>N\u00e3o h\u00e1 como equiparar o anonimato do denunciante com o instituto de prote\u00e7\u00e3o a testemunha. Esta tem cara. Tem endere\u00e7o, tem um nome a zelar, tem compromisso com a verdade. J\u00e1 o delator an\u00f4nimo, ao contr\u00e1rio, pode se utilizar das facilidades inerentes a essa condi\u00e7\u00e3o para macular, leviana e irresponsavelmente, a dignidade de poss\u00edveis desafetos, com o intuito de se promover ilicitamente<\/strong>\u201d<\/em>\u00a0 ressalta o promotor.<\/p>\n","protected":false},"excerpt":{"rendered":"<p>O promotor de Justi\u00e7a, Dr. Gean Carlos Le\u00e3o, representante do Minist\u00e9rio P\u00fablico junto \u00e0 Justi\u00e7a de Itapetinga, fez o arquivamento da representa\u00e7\u00e3o contra vereadores, que estavam sendo acusado de ter em seus gabinetes funcion\u00e1rios fantasmas. A den\u00fancia foi feita de forma an\u00f4nima e sem qualquer comprova\u00e7\u00e3o ou provas da conduta il\u00edcita. Segundo o promotor, o [&hellip;]<\/p>\n","protected":false},"author":2,"featured_media":80925,"comment_status":"open","ping_status":"open","sticky":false,"template":"","format":"standard","meta":{"footnotes":"","_links_to":"","_links_to_target":""},"categories":[1],"tags":[],"class_list":["post-80923","post","type-post","status-publish","format-standard","has-post-thumbnail","hentry","category-geral"],"views":727,"_links":{"self":[{"href":"https:\/\/www.sudoestehoje.com.br\/novoportal\/wp-json\/wp\/v2\/posts\/80923","targetHints":{"allow":["GET"]}}],"collection":[{"href":"https:\/\/www.sudoestehoje.com.br\/novoportal\/wp-json\/wp\/v2\/posts"}],"about":[{"href":"https:\/\/www.sudoestehoje.com.br\/novoportal\/wp-json\/wp\/v2\/types\/post"}],"author":[{"embeddable":true,"href":"https:\/\/www.sudoestehoje.com.br\/novoportal\/wp-json\/wp\/v2\/users\/2"}],"replies":[{"embeddable":true,"href":"https:\/\/www.sudoestehoje.com.br\/novoportal\/wp-json\/wp\/v2\/comments?post=80923"}],"version-history":[{"count":4,"href":"https:\/\/www.sudoestehoje.com.br\/novoportal\/wp-json\/wp\/v2\/posts\/80923\/revisions"}],"predecessor-version":[{"id":80929,"href":"https:\/\/www.sudoestehoje.com.br\/novoportal\/wp-json\/wp\/v2\/posts\/80923\/revisions\/80929"}],"wp:featuredmedia":[{"embeddable":true,"href":"https:\/\/www.sudoestehoje.com.br\/novoportal\/wp-json\/wp\/v2\/media\/80925"}],"wp:attachment":[{"href":"https:\/\/www.sudoestehoje.com.br\/novoportal\/wp-json\/wp\/v2\/media?parent=80923"}],"wp:term":[{"taxonomy":"category","embeddable":true,"href":"https:\/\/www.sudoestehoje.com.br\/novoportal\/wp-json\/wp\/v2\/categories?post=80923"},{"taxonomy":"post_tag","embeddable":true,"href":"https:\/\/www.sudoestehoje.com.br\/novoportal\/wp-json\/wp\/v2\/tags?post=80923"}],"curies":[{"name":"wp","href":"https:\/\/api.w.org\/{rel}","templated":true}]}}