
{"id":80891,"date":"2019-07-12T21:24:05","date_gmt":"2019-07-13T00:24:05","guid":{"rendered":"https:\/\/www.sudoestehoje.com.br\/novoportal\/?p=80891"},"modified":"2019-07-13T00:19:39","modified_gmt":"2019-07-13T03:19:39","slug":"ailton-gazo-sofre-infarto-e-morre-em-seu-primeiro-dia-de-trabalho-na-veledourado","status":"publish","type":"post","link":"https:\/\/www.sudoestehoje.com.br\/novoportal\/2019\/07\/12\/ailton-gazo-sofre-infarto-e-morre-em-seu-primeiro-dia-de-trabalho-na-veledourado\/","title":{"rendered":"AILTON &#8220;GAZO&#8221; SOFRE INFARTO E MORRE EM SEU PRIMEIRO DIA DE TRABALHO NA VELEDOURADO"},"content":{"rendered":"<h3><a href=\"https:\/\/www.sudoestehoje.com.br\/novoportal\/wp-content\/uploads\/2019\/07\/gazo.jpg\"><img loading=\"lazy\" decoding=\"async\" class=\"aligncenter size-medium wp-image-80892\" src=\"https:\/\/www.sudoestehoje.com.br\/novoportal\/wp-content\/uploads\/2019\/07\/gazo-500x463.jpg\" alt=\"\" width=\"500\" height=\"463\" srcset=\"https:\/\/www.sudoestehoje.com.br\/novoportal\/wp-content\/uploads\/2019\/07\/gazo-500x463.jpg 500w, https:\/\/www.sudoestehoje.com.br\/novoportal\/wp-content\/uploads\/2019\/07\/gazo.jpg 601w\" sizes=\"auto, (max-width: 500px) 100vw, 500px\" \/><\/a><\/h3>\n<h3 style=\"text-align: justify; background: white;\"><span style=\"font-size: 12.0pt; font-family: 'Arial','sans-serif'; color: black; font-weight: normal;\">Faleceu, no fim da manh\u00e3 desta sexta-feira (12), aos 54 anos, Ailton Oliveira dos Santos, conhecido popularmente por \u201cGazo\u201d.\u00a0<\/span><span style=\"font-size: 12.0pt; font-family: 'Arial','sans-serif'; color: black; font-weight: normal;\">Gazo come\u00e7ou a trabalhar na manh\u00e3 desta sexta-feira na empresa Valedourado e segundo informa\u00e7\u00f5es ele estava trabalhando no jardim com outro colega, quando sofreu um infarto fulminante e veio a \u00f3bito. O SAMU 192 foi chamado, mas nada pode fazer.<\/span><\/h3>\n<h3 style=\"text-align: justify; background: white; font-variant-ligatures: normal; font-variant-caps: normal; orphans: 2; widows: 2; -webkit-text-stroke-width: 0px; word-spacing: 0px;\"><span style=\"font-size: 12.0pt; font-family: 'Arial','sans-serif'; color: black; font-weight: normal;\">Gazo sempre trabalhou em lojas de vendas de materiais para constru\u00e7\u00e3o, atendendo muito bem a clientela. Montou sua loja \u201cPica-Pau do Gazo\u201d, na Travessa Tancredo Neves, na Nova Itapetinga. Hoje seria o seu primeiro dia de trabalho na Valedourado.<\/span><\/h3>\n<h3 style=\"text-align: justify; background: white; font-variant-ligatures: normal; font-variant-caps: normal; orphans: 2; widows: 2; -webkit-text-stroke-width: 0px; word-spacing: 0px;\"><span style=\"font-size: 12.0pt; font-family: 'Arial','sans-serif'; color: black; font-weight: normal;\">Ele deixa a esposa Ros\u00e1lia e os filhos Lailton, Alb\u00e9rio e Ailton.<\/span><\/h3>\n<h3 style=\"text-align: justify; background: white; font-variant-ligatures: normal; font-variant-caps: normal; orphans: 2; widows: 2; -webkit-text-stroke-width: 0px; word-spacing: 0px;\"><span style=\"font-size: 12.0pt; font-family: 'Arial','sans-serif'; color: black; font-weight: normal;\">O corpo est\u00e1 sendo velado no Cerimonial localizado na Av. Cinquenten\u00e1rio, de onde sair\u00e1 o cortejo f\u00fanebre na tarde de s\u00e1bado (13), por volta de 17h, em dire\u00e7\u00e3o ao Cemit\u00e9rio Parque da Eternidade.<\/span><\/h3>\n","protected":false},"excerpt":{"rendered":"<p>Faleceu, no fim da manh\u00e3 desta sexta-feira (12), aos 54 anos, Ailton Oliveira dos Santos, conhecido popularmente por \u201cGazo\u201d.\u00a0Gazo come\u00e7ou a trabalhar na manh\u00e3 desta sexta-feira na empresa Valedourado e segundo informa\u00e7\u00f5es ele estava trabalhando no jardim com outro colega, quando sofreu um infarto fulminante e veio a \u00f3bito. O SAMU 192 foi chamado, mas [&hellip;]<\/p>\n","protected":false},"author":2,"featured_media":80892,"comment_status":"open","ping_status":"open","sticky":false,"template":"","format":"standard","meta":{"footnotes":"","_links_to":"","_links_to_target":""},"categories":[1],"tags":[],"class_list":["post-80891","post","type-post","status-publish","format-standard","has-post-thumbnail","hentry","category-geral"],"views":739,"_links":{"self":[{"href":"https:\/\/www.sudoestehoje.com.br\/novoportal\/wp-json\/wp\/v2\/posts\/80891","targetHints":{"allow":["GET"]}}],"collection":[{"href":"https:\/\/www.sudoestehoje.com.br\/novoportal\/wp-json\/wp\/v2\/posts"}],"about":[{"href":"https:\/\/www.sudoestehoje.com.br\/novoportal\/wp-json\/wp\/v2\/types\/post"}],"author":[{"embeddable":true,"href":"https:\/\/www.sudoestehoje.com.br\/novoportal\/wp-json\/wp\/v2\/users\/2"}],"replies":[{"embeddable":true,"href":"https:\/\/www.sudoestehoje.com.br\/novoportal\/wp-json\/wp\/v2\/comments?post=80891"}],"version-history":[{"count":3,"href":"https:\/\/www.sudoestehoje.com.br\/novoportal\/wp-json\/wp\/v2\/posts\/80891\/revisions"}],"predecessor-version":[{"id":80922,"href":"https:\/\/www.sudoestehoje.com.br\/novoportal\/wp-json\/wp\/v2\/posts\/80891\/revisions\/80922"}],"wp:featuredmedia":[{"embeddable":true,"href":"https:\/\/www.sudoestehoje.com.br\/novoportal\/wp-json\/wp\/v2\/media\/80892"}],"wp:attachment":[{"href":"https:\/\/www.sudoestehoje.com.br\/novoportal\/wp-json\/wp\/v2\/media?parent=80891"}],"wp:term":[{"taxonomy":"category","embeddable":true,"href":"https:\/\/www.sudoestehoje.com.br\/novoportal\/wp-json\/wp\/v2\/categories?post=80891"},{"taxonomy":"post_tag","embeddable":true,"href":"https:\/\/www.sudoestehoje.com.br\/novoportal\/wp-json\/wp\/v2\/tags?post=80891"}],"curies":[{"name":"wp","href":"https:\/\/api.w.org\/{rel}","templated":true}]}}