
{"id":80869,"date":"2019-07-12T18:01:52","date_gmt":"2019-07-12T21:01:52","guid":{"rendered":"https:\/\/www.sudoestehoje.com.br\/novoportal\/?p=80869"},"modified":"2019-07-12T18:04:36","modified_gmt":"2019-07-12T21:04:36","slug":"ministerio-publico-arquiva-falsa-denuncia-movida-contra-gestao-de-tarugao","status":"publish","type":"post","link":"https:\/\/www.sudoestehoje.com.br\/novoportal\/2019\/07\/12\/ministerio-publico-arquiva-falsa-denuncia-movida-contra-gestao-de-tarugao\/","title":{"rendered":"MINIST\u00c9RIO P\u00daBLICO ARQUIVA FALSA DEN\u00daNCIA MOVIDA CONTRA GEST\u00c3O DE TARUG\u00c3O"},"content":{"rendered":"<p><a href=\"https:\/\/www.sudoestehoje.com.br\/novoportal\/wp-content\/uploads\/2019\/07\/tarugo-4-1.jpg\"><img loading=\"lazy\" decoding=\"async\" class=\"aligncenter size-medium wp-image-80871\" src=\"https:\/\/www.sudoestehoje.com.br\/novoportal\/wp-content\/uploads\/2019\/07\/tarugo-4-1-500x375.jpg\" alt=\"\" width=\"500\" height=\"375\" srcset=\"https:\/\/www.sudoestehoje.com.br\/novoportal\/wp-content\/uploads\/2019\/07\/tarugo-4-1-500x375.jpg 500w, https:\/\/www.sudoestehoje.com.br\/novoportal\/wp-content\/uploads\/2019\/07\/tarugo-4-1-768x576.jpg 768w, https:\/\/www.sudoestehoje.com.br\/novoportal\/wp-content\/uploads\/2019\/07\/tarugo-4-1-700x525.jpg 700w, https:\/\/www.sudoestehoje.com.br\/novoportal\/wp-content\/uploads\/2019\/07\/tarugo-4-1.jpg 960w\" sizes=\"auto, (max-width: 500px) 100vw, 500px\" \/><\/a><\/p>\n<p>O Minist\u00e9rio P\u00fablico Estadual arquivou uma <strong><em>DEN\u00daNCIA AN\u00d4NIMA FAKE<\/em><\/strong> movida contra a gest\u00e3o do ex-presidente da C\u00e2mara de Vereadores de Itapetinga, Eliomar Alves Barreira ( TARUG\u00c3O ), versando sobre supostas irregularidades no pagamento de f\u00e9rias de servidores nomeados e exonerados no final da sua gest\u00e3o, legitimamente indenizados com base na Constitui\u00e7\u00e3o Federal e CLT.<\/p>\n<p>Provando mais uma vez que exerceu a gest\u00e3o da C\u00e2mara de Vereadores de Itapetinga no bi\u00eanio 2017\/2018 com austeridade, honestidade, capacidade e zelo pelo dinheiro p\u00fablico, o vereador Tarug\u00e3o demonstrou em sua defesa ao MP que a den\u00fancia era fruto da maldade e inconformismo de desafetos pol\u00edticos, e que n\u00e3o havia qualquer prova contra seu ato como gestor p\u00fablico.<\/p>\n<p>O MP acatou a defesa e considerou a falsa den\u00fancia <strong><em>&#8220;sem p\u00e9s nem cabe\u00e7a&#8221;<\/em><\/strong>, determinando o seu <strong><em>IMEDIATO ARQUIVAMENTO. <span style=\"color: #0000ff;\">Confira \u00edntegra da decis\u00e3o abaixo &gt;&gt;&gt;<\/span><\/em><\/strong><\/p>\n<p><!--more--><\/p>\n<p><img loading=\"lazy\" decoding=\"async\" class=\"alignnone wp-image-116017\" src=\"http:\/\/www.blogdotarugao.com.br\/v1\/wp-content\/uploads\/2019\/07\/Scanner_20190712.jpg\" alt=\"Scanner_20190712\" width=\"464\" height=\"639\" \/><\/p>\n<p><img loading=\"lazy\" decoding=\"async\" class=\"alignnone size-full wp-image-116013\" src=\"http:\/\/www.blogdotarugao.com.br\/v1\/wp-content\/uploads\/2019\/07\/Scanner_20190712-2.jpg\" alt=\"Scanner_20190712 (2)\" width=\"465\" height=\"640\" \/><\/p>\n<p><img loading=\"lazy\" decoding=\"async\" class=\"alignnone size-full wp-image-116014\" src=\"http:\/\/www.blogdotarugao.com.br\/v1\/wp-content\/uploads\/2019\/07\/Scanner_20190712-3.jpg\" alt=\"Scanner_20190712 (3)\" width=\"465\" height=\"640\" \/><\/p>\n<p><img loading=\"lazy\" decoding=\"async\" class=\"alignnone size-full wp-image-116015\" src=\"http:\/\/www.blogdotarugao.com.br\/v1\/wp-content\/uploads\/2019\/07\/Scanner_20190712-4.jpg\" alt=\"Scanner_20190712 (4)\" width=\"465\" height=\"640\" \/><\/p>\n<p><img loading=\"lazy\" decoding=\"async\" class=\"alignnone size-full wp-image-116016\" src=\"http:\/\/www.blogdotarugao.com.br\/v1\/wp-content\/uploads\/2019\/07\/Scanner_20190712-5.jpg\" alt=\"Scanner_20190712 (5)\" width=\"465\" height=\"640\" \/><\/p>\n<p>&nbsp;<\/p>\n","protected":false},"excerpt":{"rendered":"<p>O Minist\u00e9rio P\u00fablico Estadual arquivou uma DEN\u00daNCIA AN\u00d4NIMA FAKE movida contra a gest\u00e3o do ex-presidente da C\u00e2mara de Vereadores de Itapetinga, Eliomar Alves Barreira ( TARUG\u00c3O ), versando sobre supostas irregularidades no pagamento de f\u00e9rias de servidores nomeados e exonerados no final da sua gest\u00e3o, legitimamente indenizados com base na Constitui\u00e7\u00e3o Federal e CLT. Provando [&hellip;]<\/p>\n","protected":false},"author":2,"featured_media":80870,"comment_status":"open","ping_status":"open","sticky":false,"template":"","format":"standard","meta":{"footnotes":"","_links_to":"","_links_to_target":""},"categories":[1],"tags":[],"class_list":["post-80869","post","type-post","status-publish","format-standard","has-post-thumbnail","hentry","category-geral"],"views":863,"_links":{"self":[{"href":"https:\/\/www.sudoestehoje.com.br\/novoportal\/wp-json\/wp\/v2\/posts\/80869","targetHints":{"allow":["GET"]}}],"collection":[{"href":"https:\/\/www.sudoestehoje.com.br\/novoportal\/wp-json\/wp\/v2\/posts"}],"about":[{"href":"https:\/\/www.sudoestehoje.com.br\/novoportal\/wp-json\/wp\/v2\/types\/post"}],"author":[{"embeddable":true,"href":"https:\/\/www.sudoestehoje.com.br\/novoportal\/wp-json\/wp\/v2\/users\/2"}],"replies":[{"embeddable":true,"href":"https:\/\/www.sudoestehoje.com.br\/novoportal\/wp-json\/wp\/v2\/comments?post=80869"}],"version-history":[{"count":4,"href":"https:\/\/www.sudoestehoje.com.br\/novoportal\/wp-json\/wp\/v2\/posts\/80869\/revisions"}],"predecessor-version":[{"id":80875,"href":"https:\/\/www.sudoestehoje.com.br\/novoportal\/wp-json\/wp\/v2\/posts\/80869\/revisions\/80875"}],"wp:featuredmedia":[{"embeddable":true,"href":"https:\/\/www.sudoestehoje.com.br\/novoportal\/wp-json\/wp\/v2\/media\/80870"}],"wp:attachment":[{"href":"https:\/\/www.sudoestehoje.com.br\/novoportal\/wp-json\/wp\/v2\/media?parent=80869"}],"wp:term":[{"taxonomy":"category","embeddable":true,"href":"https:\/\/www.sudoestehoje.com.br\/novoportal\/wp-json\/wp\/v2\/categories?post=80869"},{"taxonomy":"post_tag","embeddable":true,"href":"https:\/\/www.sudoestehoje.com.br\/novoportal\/wp-json\/wp\/v2\/tags?post=80869"}],"curies":[{"name":"wp","href":"https:\/\/api.w.org\/{rel}","templated":true}]}}