
{"id":80865,"date":"2019-07-11T23:41:28","date_gmt":"2019-07-12T02:41:28","guid":{"rendered":"https:\/\/www.sudoestehoje.com.br\/novoportal\/?p=80865"},"modified":"2019-07-11T23:41:28","modified_gmt":"2019-07-12T02:41:28","slug":"ciro-gomes-ataca-rui-e-diz-que-governador-apoiou-reforma-da-previdencia-por-baixo-dos-panos","status":"publish","type":"post","link":"https:\/\/www.sudoestehoje.com.br\/novoportal\/2019\/07\/11\/ciro-gomes-ataca-rui-e-diz-que-governador-apoiou-reforma-da-previdencia-por-baixo-dos-panos\/","title":{"rendered":"CIRO GOMES ATACA RUI E DIZ QUE GOVERNADOR APOIOU REFORMA DA PREVID\u00caNCIA &#8220;POR BAIXO DOS PANOS&#8221;"},"content":{"rendered":"<p><a href=\"https:\/\/www.sudoestehoje.com.br\/novoportal\/wp-content\/uploads\/2019\/07\/ciro-e-rui.jpg\"><img loading=\"lazy\" decoding=\"async\" class=\"aligncenter size-medium wp-image-80866\" src=\"https:\/\/www.sudoestehoje.com.br\/novoportal\/wp-content\/uploads\/2019\/07\/ciro-e-rui-500x291.jpg\" alt=\"\" width=\"500\" height=\"291\" srcset=\"https:\/\/www.sudoestehoje.com.br\/novoportal\/wp-content\/uploads\/2019\/07\/ciro-e-rui-500x291.jpg 500w, https:\/\/www.sudoestehoje.com.br\/novoportal\/wp-content\/uploads\/2019\/07\/ciro-e-rui.jpg 550w\" sizes=\"auto, (max-width: 500px) 100vw, 500px\" \/><\/a><\/p>\n<p>Candidato \u00e0 presid\u00eancia pelo PDT na elei\u00e7\u00e3o passada, Ciro Gomes afirmou que Rui Costa atuou nos bastidores para que deputados baianos votassem a favor da reforma da Previd\u00eancia. Ele ainda disse que al\u00e9m do petista, outros governadores do Nordeste tiveram a mesma atitude.<\/p>\n<p><em>\u201cComo \u00e9 que na Bahia d\u00e1 uma maioria assim, governada pelo PT? Como \u00e9 que o Rio Grande do Norte d\u00e1 a mesma coisa, governada pelo PT? A\u00ed ca\u00edmos na coisa mais calhorda, mais inconfi\u00e1vel, que \u00e9 voc\u00ea falar uma coisa em cima da mesa e fazer outra por tr\u00e1s dos panos. Ou seja, est\u00e1 flagrante que os governadores do PT atuaram dura e pesadamente em favor dessa aberra\u00e7\u00e3o, enquanto as bancadas, em un\u00edssono, votaram contra\u201d<\/em>, avaliou o pedetista em entrevista \u00e0 R\u00e1dio Gua\u00edba, na manh\u00e3 desta quinta-feira (11).<\/p>\n<p>Ciro tamb\u00e9m opinou sobre o voto de T\u00e1bata Amaral (PDT), em favor da reforma. <em>\u201cDesgosto de filha, como diz o verso do Djavan. Eu recrutei a T\u00e1bata, que tem origem na favela, \u00e9 uma pessoa de grande valor, mas cometeu um erro indesculp\u00e1vel\u201d<\/em>, disse. Sobre uma poss\u00edvel expuls\u00e3o da parlamentar, ele diz: <em>\u201cO nosso partido n\u00e3o \u00e9 o lugar deles atuarem\u201d<\/em>, concluiu.<\/p>\n","protected":false},"excerpt":{"rendered":"<p>Candidato \u00e0 presid\u00eancia pelo PDT na elei\u00e7\u00e3o passada, Ciro Gomes afirmou que Rui Costa atuou nos bastidores para que deputados baianos votassem a favor da reforma da Previd\u00eancia. Ele ainda disse que al\u00e9m do petista, outros governadores do Nordeste tiveram a mesma atitude. \u201cComo \u00e9 que na Bahia d\u00e1 uma maioria assim, governada pelo PT? [&hellip;]<\/p>\n","protected":false},"author":2,"featured_media":80866,"comment_status":"open","ping_status":"open","sticky":false,"template":"","format":"standard","meta":{"footnotes":"","_links_to":"","_links_to_target":""},"categories":[1],"tags":[],"class_list":["post-80865","post","type-post","status-publish","format-standard","has-post-thumbnail","hentry","category-geral"],"views":728,"_links":{"self":[{"href":"https:\/\/www.sudoestehoje.com.br\/novoportal\/wp-json\/wp\/v2\/posts\/80865","targetHints":{"allow":["GET"]}}],"collection":[{"href":"https:\/\/www.sudoestehoje.com.br\/novoportal\/wp-json\/wp\/v2\/posts"}],"about":[{"href":"https:\/\/www.sudoestehoje.com.br\/novoportal\/wp-json\/wp\/v2\/types\/post"}],"author":[{"embeddable":true,"href":"https:\/\/www.sudoestehoje.com.br\/novoportal\/wp-json\/wp\/v2\/users\/2"}],"replies":[{"embeddable":true,"href":"https:\/\/www.sudoestehoje.com.br\/novoportal\/wp-json\/wp\/v2\/comments?post=80865"}],"version-history":[{"count":2,"href":"https:\/\/www.sudoestehoje.com.br\/novoportal\/wp-json\/wp\/v2\/posts\/80865\/revisions"}],"predecessor-version":[{"id":80868,"href":"https:\/\/www.sudoestehoje.com.br\/novoportal\/wp-json\/wp\/v2\/posts\/80865\/revisions\/80868"}],"wp:featuredmedia":[{"embeddable":true,"href":"https:\/\/www.sudoestehoje.com.br\/novoportal\/wp-json\/wp\/v2\/media\/80866"}],"wp:attachment":[{"href":"https:\/\/www.sudoestehoje.com.br\/novoportal\/wp-json\/wp\/v2\/media?parent=80865"}],"wp:term":[{"taxonomy":"category","embeddable":true,"href":"https:\/\/www.sudoestehoje.com.br\/novoportal\/wp-json\/wp\/v2\/categories?post=80865"},{"taxonomy":"post_tag","embeddable":true,"href":"https:\/\/www.sudoestehoje.com.br\/novoportal\/wp-json\/wp\/v2\/tags?post=80865"}],"curies":[{"name":"wp","href":"https:\/\/api.w.org\/{rel}","templated":true}]}}