
{"id":80859,"date":"2019-07-11T21:11:27","date_gmt":"2019-07-12T00:11:27","guid":{"rendered":"https:\/\/www.sudoestehoje.com.br\/novoportal\/?p=80859"},"modified":"2019-07-11T21:11:27","modified_gmt":"2019-07-12T00:11:27","slug":"demissao-de-servidor-publico-por-baixo-desempenho-avanca-no-senado","status":"publish","type":"post","link":"https:\/\/www.sudoestehoje.com.br\/novoportal\/2019\/07\/11\/demissao-de-servidor-publico-por-baixo-desempenho-avanca-no-senado\/","title":{"rendered":"DEMISS\u00c3O DE SERVIDOR P\u00daBLICO POR BAIXO DESEMPENHO AVAN\u00c7A NO SENADO"},"content":{"rendered":"<div id=\"attachment_80860\" style=\"width: 510px\" class=\"wp-caption aligncenter\"><a href=\"https:\/\/www.sudoestehoje.com.br\/novoportal\/wp-content\/uploads\/2019\/07\/trabalho-hor-rio-840x560.jpg\"><img loading=\"lazy\" decoding=\"async\" aria-describedby=\"caption-attachment-80860\" class=\"size-medium wp-image-80860\" src=\"https:\/\/www.sudoestehoje.com.br\/novoportal\/wp-content\/uploads\/2019\/07\/trabalho-hor-rio-840x560-500x333.jpg\" alt=\"\" width=\"500\" height=\"333\" srcset=\"https:\/\/www.sudoestehoje.com.br\/novoportal\/wp-content\/uploads\/2019\/07\/trabalho-hor-rio-840x560-500x333.jpg 500w, https:\/\/www.sudoestehoje.com.br\/novoportal\/wp-content\/uploads\/2019\/07\/trabalho-hor-rio-840x560-768x512.jpg 768w, https:\/\/www.sudoestehoje.com.br\/novoportal\/wp-content\/uploads\/2019\/07\/trabalho-hor-rio-840x560-700x467.jpg 700w, https:\/\/www.sudoestehoje.com.br\/novoportal\/wp-content\/uploads\/2019\/07\/trabalho-hor-rio-840x560.jpg 840w\" sizes=\"auto, (max-width: 500px) 100vw, 500px\" \/><\/a><p id=\"caption-attachment-80860\" class=\"wp-caption-text\">Tired &amp; headache asian businessman work overtime<\/p><\/div>\n<p>A Comiss\u00e3o de Assuntos Sociais (CAS) do\u00a0Senado\u00a0aprovou nesta quarta-feira (10) um projeto de lei que regulamenta a demiss\u00e3o de\u00a0servidores p\u00fablicos\u00a0concursados e est\u00e1veis por insufici\u00eancia de desempenho no trabalho.<\/p>\n<p>O\u00a0PLS 116\/2017-Complementar, da senadora Maria do Carmo Alves (DEM-SE) ainda passaria pela Comiss\u00e3o de Direitos Humanos e Legisla\u00e7\u00e3o Participativa (CDH) e pela Comiss\u00e3o de Transpar\u00eancia, Governan\u00e7a, Fiscaliza\u00e7\u00e3o e Controle e Defesa do Consumidor (CTFC).<\/p>\n<p>No entanto, requerimento de urg\u00eancia apresentado pela relatora da mat\u00e9ria, senadora Ju\u00edza Selma (PSL-MT), pode levar o projeto diretamente para o Plen\u00e1rio.<\/p>\n<p>Os servidores p\u00fablicos concursados adquirem estabilidade ap\u00f3s tr\u00eas anos de servi\u00e7o e avalia\u00e7\u00f5es peri\u00f3dicas de desempenho. A partir desse ponto, s\u00f3 podem ser demitidos por decis\u00e3o judicial ou processo administrativo disciplinar.<\/p>\n<div class=\"ad-content\">\n<div id=\"abrAD_dyn_rectangle1\" class=\"appear\" data-appear-top-offset=\"300\" data-google-query-id=\"CLGW5PaJruMCFU1QwQodjY8HaQ\">\n<div id=\"google_ads_iframe_\/9287\/exame\/brasil_5__container__\">Uma terceira possibilidade, a demiss\u00e3o por mau desempenho, foi inclu\u00edda na Constitui\u00e7\u00e3o em 1998 pela Emenda Constitucional 19, da reforma administrativa, mas ainda aguarda a regulamenta\u00e7\u00e3o para poder ser colocada em pr\u00e1tica.<\/div>\n<\/div>\n<\/div>\n","protected":false},"excerpt":{"rendered":"<p>A Comiss\u00e3o de Assuntos Sociais (CAS) do\u00a0Senado\u00a0aprovou nesta quarta-feira (10) um projeto de lei que regulamenta a demiss\u00e3o de\u00a0servidores p\u00fablicos\u00a0concursados e est\u00e1veis por insufici\u00eancia de desempenho no trabalho. O\u00a0PLS 116\/2017-Complementar, da senadora Maria do Carmo Alves (DEM-SE) ainda passaria pela Comiss\u00e3o de Direitos Humanos e Legisla\u00e7\u00e3o Participativa (CDH) e pela Comiss\u00e3o de Transpar\u00eancia, Governan\u00e7a, Fiscaliza\u00e7\u00e3o [&hellip;]<\/p>\n","protected":false},"author":2,"featured_media":80860,"comment_status":"open","ping_status":"open","sticky":false,"template":"","format":"standard","meta":{"footnotes":"","_links_to":"","_links_to_target":""},"categories":[1],"tags":[],"class_list":["post-80859","post","type-post","status-publish","format-standard","has-post-thumbnail","hentry","category-geral"],"views":720,"_links":{"self":[{"href":"https:\/\/www.sudoestehoje.com.br\/novoportal\/wp-json\/wp\/v2\/posts\/80859","targetHints":{"allow":["GET"]}}],"collection":[{"href":"https:\/\/www.sudoestehoje.com.br\/novoportal\/wp-json\/wp\/v2\/posts"}],"about":[{"href":"https:\/\/www.sudoestehoje.com.br\/novoportal\/wp-json\/wp\/v2\/types\/post"}],"author":[{"embeddable":true,"href":"https:\/\/www.sudoestehoje.com.br\/novoportal\/wp-json\/wp\/v2\/users\/2"}],"replies":[{"embeddable":true,"href":"https:\/\/www.sudoestehoje.com.br\/novoportal\/wp-json\/wp\/v2\/comments?post=80859"}],"version-history":[{"count":1,"href":"https:\/\/www.sudoestehoje.com.br\/novoportal\/wp-json\/wp\/v2\/posts\/80859\/revisions"}],"predecessor-version":[{"id":80861,"href":"https:\/\/www.sudoestehoje.com.br\/novoportal\/wp-json\/wp\/v2\/posts\/80859\/revisions\/80861"}],"wp:featuredmedia":[{"embeddable":true,"href":"https:\/\/www.sudoestehoje.com.br\/novoportal\/wp-json\/wp\/v2\/media\/80860"}],"wp:attachment":[{"href":"https:\/\/www.sudoestehoje.com.br\/novoportal\/wp-json\/wp\/v2\/media?parent=80859"}],"wp:term":[{"taxonomy":"category","embeddable":true,"href":"https:\/\/www.sudoestehoje.com.br\/novoportal\/wp-json\/wp\/v2\/categories?post=80859"},{"taxonomy":"post_tag","embeddable":true,"href":"https:\/\/www.sudoestehoje.com.br\/novoportal\/wp-json\/wp\/v2\/tags?post=80859"}],"curies":[{"name":"wp","href":"https:\/\/api.w.org\/{rel}","templated":true}]}}