
{"id":80841,"date":"2019-07-10T21:54:54","date_gmt":"2019-07-11T00:54:54","guid":{"rendered":"https:\/\/www.sudoestehoje.com.br\/novoportal\/?p=80841"},"modified":"2019-07-10T23:02:56","modified_gmt":"2019-07-11T02:02:56","slug":"camara-aprova-texto-base-da-reforma-da-previdencia-em-primeiro-turno","status":"publish","type":"post","link":"https:\/\/www.sudoestehoje.com.br\/novoportal\/2019\/07\/10\/camara-aprova-texto-base-da-reforma-da-previdencia-em-primeiro-turno\/","title":{"rendered":"C\u00c2MARA APROVA TEXTO-BASE DA REFORMA DA PREVID\u00caNCIA EM PRIMEIRO TURNO"},"content":{"rendered":"<p><a href=\"https:\/\/www.sudoestehoje.com.br\/novoportal\/wp-content\/uploads\/2019\/07\/APROVADA-REFORMA-PREV.jpg\"><img loading=\"lazy\" decoding=\"async\" class=\"aligncenter size-medium wp-image-80844\" src=\"https:\/\/www.sudoestehoje.com.br\/novoportal\/wp-content\/uploads\/2019\/07\/APROVADA-REFORMA-PREV-500x282.jpg\" alt=\"\" width=\"500\" height=\"282\" srcset=\"https:\/\/www.sudoestehoje.com.br\/novoportal\/wp-content\/uploads\/2019\/07\/APROVADA-REFORMA-PREV-500x282.jpg 500w, https:\/\/www.sudoestehoje.com.br\/novoportal\/wp-content\/uploads\/2019\/07\/APROVADA-REFORMA-PREV.jpg 660w\" sizes=\"auto, (max-width: 500px) 100vw, 500px\" \/><\/a><\/p>\n<p>O texto-base da reforma da Previd\u00eancia foi aprovado\u00a0em primeiro turno na C\u00e2mara dos Deputados nesta quarta-feira (10). Ao todo, 379 parlamentares foram a favor,\u00a0e outros 131 se posicionaram contra.<\/p>\n<p>O presidente da Casa, deputado federal Rodrigo Maia (DEM-RJ), encerrou a vota\u00e7\u00e3o ao subir no plen\u00e1rio e fazer um longo discurso para anunciar o resultado.<\/p>\n<p>A pr\u00f3xima etapa, agora, \u00e9 a vota\u00e7\u00e3o em segundo turno na pr\u00f3pria C\u00e2mara. Haver\u00e1 a vota\u00e7\u00e3o dos destaques que podem alterar o\u00a0texto-base j\u00e1 aprovado. Caso haja a aprova\u00e7\u00e3o no pr\u00f3ximo turno, a mat\u00e9ria ir\u00e1 ao\u00a0Senado, que votar\u00e1 tamb\u00e9m da mesma maneira, em duas etapas.<\/p>\n<p>VEJA COMO VOTARAM OS DEPUTADOS BAIANOS<\/p>\n<p>VOTARAM A FAVOR DO TEXTO:<\/p>\n<p>Ab\u00edlio Santana (PL)<br \/>\nAdolfo Viana (PSDB)<br \/>\nAlex Santana (PDT)<br \/>\nAntonio Brito (PSD)<br \/>\nArthur Maia (DEM)<br \/>\nCac\u00e1 Le\u00e3o (PP)<br \/>\nCharles Fernandes (PSD)<br \/>\nClaudio Cajado (PP)<br \/>\nElmar Nascimento (DEM)<br \/>\nIgor Kann\u00e1rio (PHS)<br \/>\nJo\u00e3o Carlos Bacelar (PL)<br \/>\nJo\u00e3o Roma (PRB)<br \/>\nJos\u00e9 Nunes (PSD)<br \/>\nJos\u00e9 Rocha (PL)<br \/>\nLeu Lomanto J\u00fanior (DEM)<br \/>\nM\u00e1rcio Marinho (PRB)<br \/>\nOtto Alencar Filho (PSD)<br \/>\nPastor Sargento Isid\u00f3rio (Avante)<br \/>\nPaulo Azi (DEM)<br \/>\nPaulo Maga\u00e7h\u00e3es (PSD)<br \/>\nProfessora Dayane Pimentel (PSL)<br \/>\nRaimundo Costa (PP)<br \/>\nRonaldo Carletto (PP)<br \/>\nTito (Avante)<br \/>\nUldurico Junior (Pros)<\/p>\n<p>VOTARAM CONTR\u00c1RIOS AO TEXTO:<br \/>\nAfonso Florence (PT)<br \/>\nAlice Portugal (PCdoB)<br \/>\nDaniel Almeida (PCdoB)<br \/>\nF\u00e9lix Mendon\u00e7a J\u00fanior (PDT)<br \/>\nJorge Solla (PT)<br \/>\nJoseildo Ramos (PT)<br \/>\nL\u00eddice da Mata (PSB)<br \/>\nMarcelo Nilo (PSB)<br \/>\nM\u00e1rio Negromonte Jr.(PP)<br \/>\nNelson Pelegrino (PT)<br \/>\nValmir Assun\u00e7\u00e3o (PT)<br \/>\nWaldenor Pereira (PT)<br \/>\nZ\u00e9 Neto (PT)<\/p>\n","protected":false},"excerpt":{"rendered":"<p>O texto-base da reforma da Previd\u00eancia foi aprovado\u00a0em primeiro turno na C\u00e2mara dos Deputados nesta quarta-feira (10). Ao todo, 379 parlamentares foram a favor,\u00a0e outros 131 se posicionaram contra. O presidente da Casa, deputado federal Rodrigo Maia (DEM-RJ), encerrou a vota\u00e7\u00e3o ao subir no plen\u00e1rio e fazer um longo discurso para anunciar o resultado. A [&hellip;]<\/p>\n","protected":false},"author":2,"featured_media":80844,"comment_status":"open","ping_status":"open","sticky":false,"template":"","format":"standard","meta":{"footnotes":"","_links_to":"","_links_to_target":""},"categories":[1],"tags":[],"class_list":["post-80841","post","type-post","status-publish","format-standard","has-post-thumbnail","hentry","category-geral"],"views":680,"_links":{"self":[{"href":"https:\/\/www.sudoestehoje.com.br\/novoportal\/wp-json\/wp\/v2\/posts\/80841","targetHints":{"allow":["GET"]}}],"collection":[{"href":"https:\/\/www.sudoestehoje.com.br\/novoportal\/wp-json\/wp\/v2\/posts"}],"about":[{"href":"https:\/\/www.sudoestehoje.com.br\/novoportal\/wp-json\/wp\/v2\/types\/post"}],"author":[{"embeddable":true,"href":"https:\/\/www.sudoestehoje.com.br\/novoportal\/wp-json\/wp\/v2\/users\/2"}],"replies":[{"embeddable":true,"href":"https:\/\/www.sudoestehoje.com.br\/novoportal\/wp-json\/wp\/v2\/comments?post=80841"}],"version-history":[{"count":4,"href":"https:\/\/www.sudoestehoje.com.br\/novoportal\/wp-json\/wp\/v2\/posts\/80841\/revisions"}],"predecessor-version":[{"id":80846,"href":"https:\/\/www.sudoestehoje.com.br\/novoportal\/wp-json\/wp\/v2\/posts\/80841\/revisions\/80846"}],"wp:featuredmedia":[{"embeddable":true,"href":"https:\/\/www.sudoestehoje.com.br\/novoportal\/wp-json\/wp\/v2\/media\/80844"}],"wp:attachment":[{"href":"https:\/\/www.sudoestehoje.com.br\/novoportal\/wp-json\/wp\/v2\/media?parent=80841"}],"wp:term":[{"taxonomy":"category","embeddable":true,"href":"https:\/\/www.sudoestehoje.com.br\/novoportal\/wp-json\/wp\/v2\/categories?post=80841"},{"taxonomy":"post_tag","embeddable":true,"href":"https:\/\/www.sudoestehoje.com.br\/novoportal\/wp-json\/wp\/v2\/tags?post=80841"}],"curies":[{"name":"wp","href":"https:\/\/api.w.org\/{rel}","templated":true}]}}