
{"id":80831,"date":"2019-07-10T21:28:34","date_gmt":"2019-07-11T00:28:34","guid":{"rendered":"https:\/\/www.sudoestehoje.com.br\/novoportal\/?p=80831"},"modified":"2019-07-10T23:48:22","modified_gmt":"2019-07-11T02:48:22","slug":"itapetinga-carretas-de-madeira-com-cargas-acima-do-peso-permitido-estao-acabando-com-estradas-da-regiao","status":"publish","type":"post","link":"https:\/\/www.sudoestehoje.com.br\/novoportal\/2019\/07\/10\/itapetinga-carretas-de-madeira-com-cargas-acima-do-peso-permitido-estao-acabando-com-estradas-da-regiao\/","title":{"rendered":"ITAPETINGA: CARRETAS DE MADEIRA COM CARGAS ACIMA DO PESO CONTINUAM ACABANDO COM ESTRADAS DA REGI\u00c3O"},"content":{"rendered":"<p><a href=\"https:\/\/www.sudoestehoje.com.br\/novoportal\/wp-content\/uploads\/2019\/07\/carreta-11.jpg\"><img loading=\"lazy\" decoding=\"async\" class=\"aligncenter size-medium wp-image-80834\" src=\"https:\/\/www.sudoestehoje.com.br\/novoportal\/wp-content\/uploads\/2019\/07\/carreta-11-500x375.jpg\" alt=\"\" width=\"500\" height=\"375\" srcset=\"https:\/\/www.sudoestehoje.com.br\/novoportal\/wp-content\/uploads\/2019\/07\/carreta-11-500x375.jpg 500w, https:\/\/www.sudoestehoje.com.br\/novoportal\/wp-content\/uploads\/2019\/07\/carreta-11-768x576.jpg 768w, https:\/\/www.sudoestehoje.com.br\/novoportal\/wp-content\/uploads\/2019\/07\/carreta-11-700x525.jpg 700w, https:\/\/www.sudoestehoje.com.br\/novoportal\/wp-content\/uploads\/2019\/07\/carreta-11.jpg 960w\" sizes=\"auto, (max-width: 500px) 100vw, 500px\" \/><\/a><\/p>\n<p>Mais uma vez o <strong><em>Sudoeste Hoje<\/em><\/strong> aborda a quest\u00e3o das carretas de transporte de eucalipto, movido pela indigna\u00e7\u00e3o dos usu\u00e1rios das rodovias do M\u00e9dio Sudoeste da Bahia, alguma delas em processo de deteriora\u00e7\u00e3o devido ao tr\u00e1fego pesado de caminh\u00f5es.<\/p>\n<p>Segundo preposto da Seinfra, as rodovias estaduais n\u00e3o foram dimensionadas para tr\u00e1fego pesado, o que acarreta a diminui\u00e7\u00e3o da &#8216;vida \u00fatil&#8217; das rodovias, como vem acontecendo com as BAs 263, 262 e 270, rotas das carretas que transportam eucalipto para a Veracel, em Eun\u00e1polis, e tamb\u00e9m para o porto de Ilh\u00e9us.<\/p>\n<p><a href=\"https:\/\/www.sudoestehoje.com.br\/novoportal\/wp-content\/uploads\/2019\/07\/estrada-coreia-buracos.jpg\"><img loading=\"lazy\" decoding=\"async\" class=\"aligncenter size-medium wp-image-80835\" src=\"https:\/\/www.sudoestehoje.com.br\/novoportal\/wp-content\/uploads\/2019\/07\/estrada-coreia-buracos-500x333.jpg\" alt=\"\" width=\"500\" height=\"333\" srcset=\"https:\/\/www.sudoestehoje.com.br\/novoportal\/wp-content\/uploads\/2019\/07\/estrada-coreia-buracos-500x333.jpg 500w, https:\/\/www.sudoestehoje.com.br\/novoportal\/wp-content\/uploads\/2019\/07\/estrada-coreia-buracos-768x512.jpg 768w, https:\/\/www.sudoestehoje.com.br\/novoportal\/wp-content\/uploads\/2019\/07\/estrada-coreia-buracos-700x467.jpg 700w, https:\/\/www.sudoestehoje.com.br\/novoportal\/wp-content\/uploads\/2019\/07\/estrada-coreia-buracos.jpg 1080w\" sizes=\"auto, (max-width: 500px) 100vw, 500px\" \/><\/a><\/p>\n<p>As estradas, algumas delas rec\u00e9m recuperadas recentemente pelo governo do estado, est\u00e3o acabando rapidamente, por n\u00e3o resistirem ao peso das cargas acima das 40 toneladas permitidas.<\/p>\n<p>Al\u00e9m da falta de fiscaliza\u00e7\u00e3o por parte da Pol\u00edcia Rodovi\u00e1ria Estadual, as balan\u00e7as das rodovias estaduais foram desativadas pelo pr\u00f3prio governo, sabe-se l\u00e1 por qu\u00ea.<\/p>\n<p><a href=\"https:\/\/www.sudoestehoje.com.br\/novoportal\/wp-content\/uploads\/2019\/07\/carreta-33.jpg\"><img loading=\"lazy\" decoding=\"async\" class=\"aligncenter size-medium wp-image-80836\" src=\"https:\/\/www.sudoestehoje.com.br\/novoportal\/wp-content\/uploads\/2019\/07\/carreta-33-500x375.jpg\" alt=\"\" width=\"500\" height=\"375\" srcset=\"https:\/\/www.sudoestehoje.com.br\/novoportal\/wp-content\/uploads\/2019\/07\/carreta-33-500x375.jpg 500w, https:\/\/www.sudoestehoje.com.br\/novoportal\/wp-content\/uploads\/2019\/07\/carreta-33-768x576.jpg 768w, https:\/\/www.sudoestehoje.com.br\/novoportal\/wp-content\/uploads\/2019\/07\/carreta-33-700x525.jpg 700w, https:\/\/www.sudoestehoje.com.br\/novoportal\/wp-content\/uploads\/2019\/07\/carreta-33.jpg 960w\" sizes=\"auto, (max-width: 500px) 100vw, 500px\" \/><\/a><\/p>\n<p>Vamos continuar batendo nessa tecla at\u00e9 que alguma provid\u00eancia seja adotada, lembrando que n\u00e3o est\u00e1 descartada uma grande mobiliza\u00e7\u00e3o na regi\u00e3o, provavelmente em Potiragu\u00e1, com a interdi\u00e7\u00e3o dessas rodovias para carretas de madeira.<\/p>\n<p>Em um protesto desse tipo, tudo pode acontecer&#8230;<\/p>\n<p><strong><em>Por Davi Ferraz<\/em><\/strong><\/p>\n","protected":false},"excerpt":{"rendered":"<p>Mais uma vez o Sudoeste Hoje aborda a quest\u00e3o das carretas de transporte de eucalipto, movido pela indigna\u00e7\u00e3o dos usu\u00e1rios das rodovias do M\u00e9dio Sudoeste da Bahia, alguma delas em processo de deteriora\u00e7\u00e3o devido ao tr\u00e1fego pesado de caminh\u00f5es. Segundo preposto da Seinfra, as rodovias estaduais n\u00e3o foram dimensionadas para tr\u00e1fego pesado, o que acarreta [&hellip;]<\/p>\n","protected":false},"author":2,"featured_media":80834,"comment_status":"open","ping_status":"open","sticky":false,"template":"","format":"standard","meta":{"footnotes":"","_links_to":"","_links_to_target":""},"categories":[1],"tags":[],"class_list":["post-80831","post","type-post","status-publish","format-standard","has-post-thumbnail","hentry","category-geral"],"views":1773,"_links":{"self":[{"href":"https:\/\/www.sudoestehoje.com.br\/novoportal\/wp-json\/wp\/v2\/posts\/80831","targetHints":{"allow":["GET"]}}],"collection":[{"href":"https:\/\/www.sudoestehoje.com.br\/novoportal\/wp-json\/wp\/v2\/posts"}],"about":[{"href":"https:\/\/www.sudoestehoje.com.br\/novoportal\/wp-json\/wp\/v2\/types\/post"}],"author":[{"embeddable":true,"href":"https:\/\/www.sudoestehoje.com.br\/novoportal\/wp-json\/wp\/v2\/users\/2"}],"replies":[{"embeddable":true,"href":"https:\/\/www.sudoestehoje.com.br\/novoportal\/wp-json\/wp\/v2\/comments?post=80831"}],"version-history":[{"count":8,"href":"https:\/\/www.sudoestehoje.com.br\/novoportal\/wp-json\/wp\/v2\/posts\/80831\/revisions"}],"predecessor-version":[{"id":80848,"href":"https:\/\/www.sudoestehoje.com.br\/novoportal\/wp-json\/wp\/v2\/posts\/80831\/revisions\/80848"}],"wp:featuredmedia":[{"embeddable":true,"href":"https:\/\/www.sudoestehoje.com.br\/novoportal\/wp-json\/wp\/v2\/media\/80834"}],"wp:attachment":[{"href":"https:\/\/www.sudoestehoje.com.br\/novoportal\/wp-json\/wp\/v2\/media?parent=80831"}],"wp:term":[{"taxonomy":"category","embeddable":true,"href":"https:\/\/www.sudoestehoje.com.br\/novoportal\/wp-json\/wp\/v2\/categories?post=80831"},{"taxonomy":"post_tag","embeddable":true,"href":"https:\/\/www.sudoestehoje.com.br\/novoportal\/wp-json\/wp\/v2\/tags?post=80831"}],"curies":[{"name":"wp","href":"https:\/\/api.w.org\/{rel}","templated":true}]}}