
{"id":80813,"date":"2019-07-10T01:02:51","date_gmt":"2019-07-10T04:02:51","guid":{"rendered":"https:\/\/www.sudoestehoje.com.br\/novoportal\/?p=80813"},"modified":"2019-07-10T01:02:51","modified_gmt":"2019-07-10T04:02:51","slug":"itapetinga-tem-minima-de-15c-a-mais-baixa-dos-ultimos-5-anos-em-julho","status":"publish","type":"post","link":"https:\/\/www.sudoestehoje.com.br\/novoportal\/2019\/07\/10\/itapetinga-tem-minima-de-15c-a-mais-baixa-dos-ultimos-5-anos-em-julho\/","title":{"rendered":"ITAPETINGA TEM M\u00cdNIMA DE 15\u00b0C, A MAIS BAIXA DOS \u00daLTIMOS 5 ANOS EM JULHO"},"content":{"rendered":"<p><a href=\"https:\/\/www.sudoestehoje.com.br\/novoportal\/wp-content\/uploads\/2019\/07\/NEBLINA.jpg\"><img loading=\"lazy\" decoding=\"async\" class=\"aligncenter size-medium wp-image-80815\" src=\"https:\/\/www.sudoestehoje.com.br\/novoportal\/wp-content\/uploads\/2019\/07\/NEBLINA-500x281.jpg\" alt=\"\" width=\"500\" height=\"281\" srcset=\"https:\/\/www.sudoestehoje.com.br\/novoportal\/wp-content\/uploads\/2019\/07\/NEBLINA-500x281.jpg 500w, https:\/\/www.sudoestehoje.com.br\/novoportal\/wp-content\/uploads\/2019\/07\/NEBLINA-768x432.jpg 768w, https:\/\/www.sudoestehoje.com.br\/novoportal\/wp-content\/uploads\/2019\/07\/NEBLINA-700x394.jpg 700w, https:\/\/www.sudoestehoje.com.br\/novoportal\/wp-content\/uploads\/2019\/07\/NEBLINA.jpg 960w\" sizes=\"auto, (max-width: 500px) 100vw, 500px\" \/><\/a><\/p>\n<p>Itapetinga, no M\u00e9dio Sudoeste da Bahia, tem registrado nos \u00faltimos dias, temperaturas m\u00e9dias mais baixas dos \u00faltimos 5 anos, segundo o Climatempo.<\/p>\n<p>Na noite desta ter\u00e7a para quarta-feira, a m\u00ednima chegou a 15\u00b0C, a mais baixa desde o in\u00edcio do inverno. As previs\u00f5es d\u00e3o conta de que as temperaturas podem baixar ainda mais na cidade, em decorr\u00eancia da frente fria que veio do Sul do pa\u00eds e j\u00e1 atinge boa parte do Nordeste.<\/p>\n<p>A expectativa \u00e9 de que as temperaturas fiquem mais baixas em agosto.<\/p>\n<p><strong><em>Por Davi Ferraz<\/em><\/strong><\/p>\n","protected":false},"excerpt":{"rendered":"<p>Itapetinga, no M\u00e9dio Sudoeste da Bahia, tem registrado nos \u00faltimos dias, temperaturas m\u00e9dias mais baixas dos \u00faltimos 5 anos, segundo o Climatempo. Na noite desta ter\u00e7a para quarta-feira, a m\u00ednima chegou a 15\u00b0C, a mais baixa desde o in\u00edcio do inverno. As previs\u00f5es d\u00e3o conta de que as temperaturas podem baixar ainda mais na cidade, [&hellip;]<\/p>\n","protected":false},"author":2,"featured_media":80815,"comment_status":"open","ping_status":"open","sticky":false,"template":"","format":"standard","meta":{"footnotes":"","_links_to":"","_links_to_target":""},"categories":[1],"tags":[],"class_list":["post-80813","post","type-post","status-publish","format-standard","has-post-thumbnail","hentry","category-geral"],"views":1199,"_links":{"self":[{"href":"https:\/\/www.sudoestehoje.com.br\/novoportal\/wp-json\/wp\/v2\/posts\/80813","targetHints":{"allow":["GET"]}}],"collection":[{"href":"https:\/\/www.sudoestehoje.com.br\/novoportal\/wp-json\/wp\/v2\/posts"}],"about":[{"href":"https:\/\/www.sudoestehoje.com.br\/novoportal\/wp-json\/wp\/v2\/types\/post"}],"author":[{"embeddable":true,"href":"https:\/\/www.sudoestehoje.com.br\/novoportal\/wp-json\/wp\/v2\/users\/2"}],"replies":[{"embeddable":true,"href":"https:\/\/www.sudoestehoje.com.br\/novoportal\/wp-json\/wp\/v2\/comments?post=80813"}],"version-history":[{"count":3,"href":"https:\/\/www.sudoestehoje.com.br\/novoportal\/wp-json\/wp\/v2\/posts\/80813\/revisions"}],"predecessor-version":[{"id":80817,"href":"https:\/\/www.sudoestehoje.com.br\/novoportal\/wp-json\/wp\/v2\/posts\/80813\/revisions\/80817"}],"wp:featuredmedia":[{"embeddable":true,"href":"https:\/\/www.sudoestehoje.com.br\/novoportal\/wp-json\/wp\/v2\/media\/80815"}],"wp:attachment":[{"href":"https:\/\/www.sudoestehoje.com.br\/novoportal\/wp-json\/wp\/v2\/media?parent=80813"}],"wp:term":[{"taxonomy":"category","embeddable":true,"href":"https:\/\/www.sudoestehoje.com.br\/novoportal\/wp-json\/wp\/v2\/categories?post=80813"},{"taxonomy":"post_tag","embeddable":true,"href":"https:\/\/www.sudoestehoje.com.br\/novoportal\/wp-json\/wp\/v2\/tags?post=80813"}],"curies":[{"name":"wp","href":"https:\/\/api.w.org\/{rel}","templated":true}]}}