
{"id":80806,"date":"2019-07-09T18:33:45","date_gmt":"2019-07-09T21:33:45","guid":{"rendered":"https:\/\/www.sudoestehoje.com.br\/novoportal\/?p=80806"},"modified":"2019-07-09T18:33:45","modified_gmt":"2019-07-09T21:33:45","slug":"deputado-felix-mendonca-planeja-se-licenciar-do-mandato-em-2020","status":"publish","type":"post","link":"https:\/\/www.sudoestehoje.com.br\/novoportal\/2019\/07\/09\/deputado-felix-mendonca-planeja-se-licenciar-do-mandato-em-2020\/","title":{"rendered":"DEPUTADO F\u00c9LIX MENDON\u00c7A PLANEJA SE LICENCIAR DO MANDATO EM 2020"},"content":{"rendered":"<p><a href=\"https:\/\/www.sudoestehoje.com.br\/novoportal\/wp-content\/uploads\/2019\/07\/PHOTO-2019-05-19-09-20-28.jpg\"><img loading=\"lazy\" decoding=\"async\" class=\"aligncenter size-medium wp-image-80807\" src=\"https:\/\/www.sudoestehoje.com.br\/novoportal\/wp-content\/uploads\/2019\/07\/PHOTO-2019-05-19-09-20-28-500x310.jpg\" alt=\"\" width=\"500\" height=\"310\" \/><\/a><\/p>\n<p>O presidente do PDT baiano, F\u00e9lix Mendon\u00e7a Junior comentou nessa segunda (08) ao <strong><em>Bahia Noticias<\/em><\/strong> que planeja se licenciar da C\u00e2mara dos Deputados em Bras\u00edlia no ano que vem. Ao site o baiano afirmou que ainda vai decidir para onde vai em 2020.<\/p>\n<p><em>\u201cAcho que vai ser Miami, mais f\u00e1cil locomo\u00e7\u00e3o. Tem que voltar para o Brasil sempre\u201d<\/em>, disse.<\/p>\n<p>Caso se concretize a inten\u00e7\u00e3o do deputado, ficam <strong><em>\u00f3rf\u00e3os<\/em><\/strong> nas elei\u00e7\u00f5es de 2020, em Itapetinga, um <strong><em>Tiquinho<\/em><\/strong> de pol\u00edticos locais que aspiram retornar ao poder, com o providencial e costumeiro<strong><em> refor\u00e7o<\/em><\/strong> do l\u00edder do PDT na Bahia.<\/p>\n<p>Miami fica longe&#8230;<\/p>\n<p><strong><em>Por Davi Ferraz<\/em><\/strong><\/p>\n","protected":false},"excerpt":{"rendered":"<p>O presidente do PDT baiano, F\u00e9lix Mendon\u00e7a Junior comentou nessa segunda (08) ao Bahia Noticias que planeja se licenciar da C\u00e2mara dos Deputados em Bras\u00edlia no ano que vem. Ao site o baiano afirmou que ainda vai decidir para onde vai em 2020. \u201cAcho que vai ser Miami, mais f\u00e1cil locomo\u00e7\u00e3o. Tem que voltar para [&hellip;]<\/p>\n","protected":false},"author":2,"featured_media":80807,"comment_status":"open","ping_status":"open","sticky":false,"template":"","format":"standard","meta":{"footnotes":"","_links_to":"","_links_to_target":""},"categories":[1],"tags":[],"class_list":["post-80806","post","type-post","status-publish","format-standard","has-post-thumbnail","hentry","category-geral"],"views":786,"_links":{"self":[{"href":"https:\/\/www.sudoestehoje.com.br\/novoportal\/wp-json\/wp\/v2\/posts\/80806","targetHints":{"allow":["GET"]}}],"collection":[{"href":"https:\/\/www.sudoestehoje.com.br\/novoportal\/wp-json\/wp\/v2\/posts"}],"about":[{"href":"https:\/\/www.sudoestehoje.com.br\/novoportal\/wp-json\/wp\/v2\/types\/post"}],"author":[{"embeddable":true,"href":"https:\/\/www.sudoestehoje.com.br\/novoportal\/wp-json\/wp\/v2\/users\/2"}],"replies":[{"embeddable":true,"href":"https:\/\/www.sudoestehoje.com.br\/novoportal\/wp-json\/wp\/v2\/comments?post=80806"}],"version-history":[{"count":2,"href":"https:\/\/www.sudoestehoje.com.br\/novoportal\/wp-json\/wp\/v2\/posts\/80806\/revisions"}],"predecessor-version":[{"id":80809,"href":"https:\/\/www.sudoestehoje.com.br\/novoportal\/wp-json\/wp\/v2\/posts\/80806\/revisions\/80809"}],"wp:featuredmedia":[{"embeddable":true,"href":"https:\/\/www.sudoestehoje.com.br\/novoportal\/wp-json\/wp\/v2\/media\/80807"}],"wp:attachment":[{"href":"https:\/\/www.sudoestehoje.com.br\/novoportal\/wp-json\/wp\/v2\/media?parent=80806"}],"wp:term":[{"taxonomy":"category","embeddable":true,"href":"https:\/\/www.sudoestehoje.com.br\/novoportal\/wp-json\/wp\/v2\/categories?post=80806"},{"taxonomy":"post_tag","embeddable":true,"href":"https:\/\/www.sudoestehoje.com.br\/novoportal\/wp-json\/wp\/v2\/tags?post=80806"}],"curies":[{"name":"wp","href":"https:\/\/api.w.org\/{rel}","templated":true}]}}