
{"id":80802,"date":"2019-07-09T18:01:52","date_gmt":"2019-07-09T21:01:52","guid":{"rendered":"https:\/\/www.sudoestehoje.com.br\/novoportal\/?p=80802"},"modified":"2019-07-09T18:01:52","modified_gmt":"2019-07-09T21:01:52","slug":"camara-de-vereadores-mantem-atividades-parlamentares-durante-recesso-de-julho","status":"publish","type":"post","link":"https:\/\/www.sudoestehoje.com.br\/novoportal\/2019\/07\/09\/camara-de-vereadores-mantem-atividades-parlamentares-durante-recesso-de-julho\/","title":{"rendered":"C\u00c2MARA DE VEREADORES MANT\u00c9M ATIVIDADES PARLAMENTARES DURANTE RECESSO DE JULHO"},"content":{"rendered":"<p><a href=\"https:\/\/www.sudoestehoje.com.br\/novoportal\/wp-content\/uploads\/2019\/07\/CAMARA-1.jpg\"><img loading=\"lazy\" decoding=\"async\" class=\"aligncenter  wp-image-80804\" src=\"https:\/\/www.sudoestehoje.com.br\/novoportal\/wp-content\/uploads\/2019\/07\/CAMARA-1.jpg\" alt=\"\" width=\"501\" height=\"295\" \/><\/a><\/p>\n<p>A C\u00e2mara Municipal de Itapetinga est\u00e1 aberta para atendimento ao p\u00fablico durante o recesso parlamentar de julho.\u00a0As atividades administrativas est\u00e3o mantidas no turno matutino. As sess\u00f5es ser\u00e3o retomadas em agosto.<\/p>\n<p>Conforme o Regimento Interno da C\u00e2mara, a sess\u00e3o legislativa ordin\u00e1ria anual \u00e9 realizada de 15 de fevereiro a 30 de junho e de 1\u00ba de agosto a 15 de dezembro. Os dias compreendidos entre esses dois per\u00edodos configuram o recesso parlamentar.<\/p>\n<p>O cidad\u00e3o que precisar de informa\u00e7\u00f5es ou de quaisquer outros servi\u00e7os ofertados pela Casa Legislativa poder\u00e1 contar com o atendimento em hor\u00e1rio especial: de segunda a sexta-feira, de 8h ao meio-dia.<\/p>\n","protected":false},"excerpt":{"rendered":"<p>A C\u00e2mara Municipal de Itapetinga est\u00e1 aberta para atendimento ao p\u00fablico durante o recesso parlamentar de julho.\u00a0As atividades administrativas est\u00e3o mantidas no turno matutino. As sess\u00f5es ser\u00e3o retomadas em agosto. Conforme o Regimento Interno da C\u00e2mara, a sess\u00e3o legislativa ordin\u00e1ria anual \u00e9 realizada de 15 de fevereiro a 30 de junho e de 1\u00ba de [&hellip;]<\/p>\n","protected":false},"author":2,"featured_media":80804,"comment_status":"open","ping_status":"open","sticky":false,"template":"","format":"standard","meta":{"footnotes":"","_links_to":"","_links_to_target":""},"categories":[1],"tags":[],"class_list":["post-80802","post","type-post","status-publish","format-standard","has-post-thumbnail","hentry","category-geral"],"views":698,"_links":{"self":[{"href":"https:\/\/www.sudoestehoje.com.br\/novoportal\/wp-json\/wp\/v2\/posts\/80802","targetHints":{"allow":["GET"]}}],"collection":[{"href":"https:\/\/www.sudoestehoje.com.br\/novoportal\/wp-json\/wp\/v2\/posts"}],"about":[{"href":"https:\/\/www.sudoestehoje.com.br\/novoportal\/wp-json\/wp\/v2\/types\/post"}],"author":[{"embeddable":true,"href":"https:\/\/www.sudoestehoje.com.br\/novoportal\/wp-json\/wp\/v2\/users\/2"}],"replies":[{"embeddable":true,"href":"https:\/\/www.sudoestehoje.com.br\/novoportal\/wp-json\/wp\/v2\/comments?post=80802"}],"version-history":[{"count":2,"href":"https:\/\/www.sudoestehoje.com.br\/novoportal\/wp-json\/wp\/v2\/posts\/80802\/revisions"}],"predecessor-version":[{"id":80805,"href":"https:\/\/www.sudoestehoje.com.br\/novoportal\/wp-json\/wp\/v2\/posts\/80802\/revisions\/80805"}],"wp:featuredmedia":[{"embeddable":true,"href":"https:\/\/www.sudoestehoje.com.br\/novoportal\/wp-json\/wp\/v2\/media\/80804"}],"wp:attachment":[{"href":"https:\/\/www.sudoestehoje.com.br\/novoportal\/wp-json\/wp\/v2\/media?parent=80802"}],"wp:term":[{"taxonomy":"category","embeddable":true,"href":"https:\/\/www.sudoestehoje.com.br\/novoportal\/wp-json\/wp\/v2\/categories?post=80802"},{"taxonomy":"post_tag","embeddable":true,"href":"https:\/\/www.sudoestehoje.com.br\/novoportal\/wp-json\/wp\/v2\/tags?post=80802"}],"curies":[{"name":"wp","href":"https:\/\/api.w.org\/{rel}","templated":true}]}}