
{"id":80793,"date":"2019-07-09T17:25:47","date_gmt":"2019-07-09T20:25:47","guid":{"rendered":"https:\/\/www.sudoestehoje.com.br\/novoportal\/?p=80793"},"modified":"2019-07-09T21:29:45","modified_gmt":"2019-07-10T00:29:45","slug":"prepare-se-para-o-mercado-de-trabalho-nos-cursos-tecnicos-do-alfredo-dutra","status":"publish","type":"post","link":"https:\/\/www.sudoestehoje.com.br\/novoportal\/2019\/07\/09\/prepare-se-para-o-mercado-de-trabalho-nos-cursos-tecnicos-do-alfredo-dutra\/","title":{"rendered":"PREPARE-SE PARA O MERCADO DE TRABALHO NOS CURSOS T\u00c9CNICOS DO ALFREDO DUTRA"},"content":{"rendered":"<p><a href=\"https:\/\/www.sudoestehoje.com.br\/novoportal\/wp-content\/uploads\/2019\/07\/dutra-2.jpg\"><img loading=\"lazy\" decoding=\"async\" class=\"aligncenter size-medium wp-image-80810\" src=\"https:\/\/www.sudoestehoje.com.br\/novoportal\/wp-content\/uploads\/2019\/07\/dutra-2-500x492.jpg\" alt=\"\" width=\"500\" height=\"492\" srcset=\"https:\/\/www.sudoestehoje.com.br\/novoportal\/wp-content\/uploads\/2019\/07\/dutra-2-500x492.jpg 500w, https:\/\/www.sudoestehoje.com.br\/novoportal\/wp-content\/uploads\/2019\/07\/dutra-2-768x755.jpg 768w, https:\/\/www.sudoestehoje.com.br\/novoportal\/wp-content\/uploads\/2019\/07\/dutra-2-700x688.jpg 700w, https:\/\/www.sudoestehoje.com.br\/novoportal\/wp-content\/uploads\/2019\/07\/dutra-2.jpg 960w\" sizes=\"auto, (max-width: 500px) 100vw, 500px\" \/><\/a><\/p>\n<p><strong>Quer se preparar para o mercado de trabalho ainda em 2019? No Alfredo Dutra ainda d\u00e1 tempo de come\u00e7ar!\u00a0<\/strong><\/p>\n<p><strong>Nos dias 18 e 19 de julho estar\u00e3o abertas as matr\u00edculas para os cursos t\u00e9cnicos de Inform\u00e1tica e Nutri\u00e7\u00e3o e Diet\u00e9tica.<\/strong><\/p>\n<p><strong>Do que precisa?\u00a0<\/strong><\/p>\n<p><strong>Hist\u00f3rico Escolar do Ensino Fundamental, xerox do RG e CPF, Comprovante de Resid\u00eancia (conta de \u00e1gua ou luz) e uma foto 3&#215;4.<\/strong><\/p>\n<p><strong>CURSOS NOTURNOS &#8211; MERENDA ESCOLAR<\/strong><\/p>\n","protected":false},"excerpt":{"rendered":"<p>Quer se preparar para o mercado de trabalho ainda em 2019? No Alfredo Dutra ainda d\u00e1 tempo de come\u00e7ar!\u00a0 Nos dias 18 e 19 de julho estar\u00e3o abertas as matr\u00edculas para os cursos t\u00e9cnicos de Inform\u00e1tica e Nutri\u00e7\u00e3o e Diet\u00e9tica. Do que precisa?\u00a0 Hist\u00f3rico Escolar do Ensino Fundamental, xerox do RG e CPF, Comprovante de [&hellip;]<\/p>\n","protected":false},"author":2,"featured_media":80796,"comment_status":"open","ping_status":"open","sticky":false,"template":"","format":"standard","meta":{"footnotes":"","_links_to":"","_links_to_target":""},"categories":[1],"tags":[],"class_list":["post-80793","post","type-post","status-publish","format-standard","has-post-thumbnail","hentry","category-geral"],"views":741,"_links":{"self":[{"href":"https:\/\/www.sudoestehoje.com.br\/novoportal\/wp-json\/wp\/v2\/posts\/80793","targetHints":{"allow":["GET"]}}],"collection":[{"href":"https:\/\/www.sudoestehoje.com.br\/novoportal\/wp-json\/wp\/v2\/posts"}],"about":[{"href":"https:\/\/www.sudoestehoje.com.br\/novoportal\/wp-json\/wp\/v2\/types\/post"}],"author":[{"embeddable":true,"href":"https:\/\/www.sudoestehoje.com.br\/novoportal\/wp-json\/wp\/v2\/users\/2"}],"replies":[{"embeddable":true,"href":"https:\/\/www.sudoestehoje.com.br\/novoportal\/wp-json\/wp\/v2\/comments?post=80793"}],"version-history":[{"count":5,"href":"https:\/\/www.sudoestehoje.com.br\/novoportal\/wp-json\/wp\/v2\/posts\/80793\/revisions"}],"predecessor-version":[{"id":80812,"href":"https:\/\/www.sudoestehoje.com.br\/novoportal\/wp-json\/wp\/v2\/posts\/80793\/revisions\/80812"}],"wp:featuredmedia":[{"embeddable":true,"href":"https:\/\/www.sudoestehoje.com.br\/novoportal\/wp-json\/wp\/v2\/media\/80796"}],"wp:attachment":[{"href":"https:\/\/www.sudoestehoje.com.br\/novoportal\/wp-json\/wp\/v2\/media?parent=80793"}],"wp:term":[{"taxonomy":"category","embeddable":true,"href":"https:\/\/www.sudoestehoje.com.br\/novoportal\/wp-json\/wp\/v2\/categories?post=80793"},{"taxonomy":"post_tag","embeddable":true,"href":"https:\/\/www.sudoestehoje.com.br\/novoportal\/wp-json\/wp\/v2\/tags?post=80793"}],"curies":[{"name":"wp","href":"https:\/\/api.w.org\/{rel}","templated":true}]}}