
{"id":8079,"date":"2011-09-01T00:28:49","date_gmt":"2011-09-01T03:28:49","guid":{"rendered":"http:\/\/www.sudoestehoje.com.br\/novoportal\/?p=8079"},"modified":"2011-09-01T00:28:49","modified_gmt":"2011-09-01T03:28:49","slug":"dia-da-cidade-em-itororo-adroaldo-inaugura-a-roda-depois-de-5-500-anos-de-inventada","status":"publish","type":"post","link":"https:\/\/www.sudoestehoje.com.br\/novoportal\/2011\/09\/01\/dia-da-cidade-em-itororo-adroaldo-inaugura-a-roda-depois-de-5-500-anos-de-inventada\/","title":{"rendered":"DIA DA CIDADE EM ITOROR\u00d3, ADROALDO INAUGURA A RODA DEPOIS DE 5.500 ANOS DE INVENTADA"},"content":{"rendered":"<div id=\"message1489209841\">\n<div id=\"yiv766918843\">\n<p><a href=\"http:\/\/www.sudoestehoje.com.br\/novoportal\/wp-content\/uploads\/2011\/09\/A-RODA.jpg\"><img loading=\"lazy\" decoding=\"async\" class=\"aligncenter size-medium wp-image-8082\" title=\"A RODA\" src=\"http:\/\/www.sudoestehoje.com.br\/novoportal\/wp-content\/uploads\/2011\/09\/A-RODA-500x1533.jpg\" alt=\"\" width=\"500\" height=\"1533\" srcset=\"https:\/\/www.sudoestehoje.com.br\/novoportal\/wp-content\/uploads\/2011\/09\/A-RODA-500x1533.jpg 500w, https:\/\/www.sudoestehoje.com.br\/novoportal\/wp-content\/uploads\/2011\/09\/A-RODA.jpg 1464w\" sizes=\"auto, (max-width: 500px) 100vw, 500px\" \/><\/a><\/p>\n<p><em><strong>Por MILTON MARINHO<\/strong><\/em><\/p>\n<p>ITOROR\u00d3: No dia 22 de agosto, o prefeito Adroaldo Almeida inaugurou uma grande obra no munic\u00edpio. A pra\u00e7a que leva o nome de um ex-prefeito muito bem conceituado entre n\u00f3s. A homenagem era merecidamente para nada mais, nada menos, que o saudoso amigo do povo de Itoror\u00f3, Jos\u00e9 Ferreira Pinto. At\u00e9 a\u00ed tudo muito bem e, o mundo inteiro aguardava ansioso para as honras e as gl\u00f3rias dessa homenagem ao grande Zeca Pinto, meu amigo particular e pai do nosso deputado Rosemberg Pinto.<\/p>\n<p>O jornal oficial rodado em 4&#215;1 circulava de m\u00e3o em m\u00e3o, anunciando em fontes garrafais, \u201cTimes New Roman bold\u201d, (somente uma licen\u00e7a estil\u00edstica) uma s\u00e9rie de obras, por\u00e9m na verdade, somente uma obra existia de direito para deleite popular: A RODA. Proclamava os meios de comunica\u00e7\u00e3o, diga se de passagem em sua maioria, oficiais. As pe\u00e7as ou os \u201cspots\u201d de r\u00e1dio retiniam em nossos ouvidos, de modo ensurdecedor, ou melhor, admoestador. Adroaldo vai inaugurar a roda! Adroaldo vai inaugurar a roda!&#8230; Ah, a roda. A r\u00f3tula, e meus olhos se embotavam de cimento e l\u00e1grima.<!--more--><\/p>\n<p>Passei pela manh\u00e3 no local pra ver a grande obra, afinal levava o nome de uma dos maiores figuras da hist\u00f3ria pol\u00edtica de Itoror\u00f3, do meu amigo Zeca Pinto. O deputado federal Geraldo Sim\u00f5es e o filho da terra, deputado estadual Rosemberg e sua fam\u00edlia estariam presentes ao evento. Tudo levava a crer que o ar, as emo\u00e7\u00f5es do ato se fundiam com a pompa e o glamour do t\u00e3o esperado dia, da t\u00e3o esperada hora em que ver\u00edamos ali, naquele lugar demarcado o busto de seu Zeca, fundido em bronze ou cinzelado em um fin\u00edssimo m\u00e1rmore de Carrara vindo de S\u00e3o Paulo ou da Inglaterra. Pelo valor da emenda or\u00e7ament\u00e1ria e o apetite laborioso do prefeito pra tornar Itoror\u00f3 uma cidade t\u00e3o maravilhosa como Paris. N\u00e3o ter\u00edamos d\u00favida que esta obra seria a menina do olho do governo \u201cPARA QUEM MAIS PRECISA\u201d.<\/p>\n<p>A cidade estava num frenesi como jamais a vi, um misto de final de copa do mundo com a abertura do pote de ouro encontrado no fim do arco-\u00edris. Imaginemos a cena.\u00a0\u00a0\u00a0Um vislumbre sem igual, Uma alegria t\u00e3o bonita que, como Dasanta a musa, causava horror. \u201cMiser\u00ea\u201d re-re nobis, ora, ora pro nobis\u201d, Do alto da encosta visitei o lugar inaugurado, notei que os magin\u00edficos engenheiros que concebera t\u00e3o estonteante parto, foram os mesmo que constru\u00edram \u201cMachu Picchu e Stonehenge\u201d.<\/p>\n<p>Pela velocidade rel\u00e2mpago da constru\u00e7\u00e3o, tipo da noite do dia 21 pra manh\u00e3 dia 22, como se fosse os deuses os astronautas que numa nave de formato esf\u00e9rico, dormisse no logradouro, e ao levantar voo entre o ocaso nebuloso e a aurora\u00a0\u00a0boreal deixasse ali uma grande roda de cimento e areia 12&#215;1 pronta para o descerramento da fita que inauguraria uma das maiores obras j\u00e1 constru\u00edda por um prefeito no Brasil, e creiam amigos, isso estava acontecendo em Itoror\u00f3, diante dos meus olhos, olhos que a terra n\u00e3o haver\u00e1 de com\u00ea-los porque doarei para algum banco de olhos ou para algum rato que anda espreitando-os para ro\u00ea-los.<\/p>\n<p>Fez se ent\u00e3o a luz do dia e todos estavam chegando para a grande inaugura\u00e7\u00e3o da obra do s\u00e9culo. Esta obra valia mais que todas as obras reunidas em todos os governos passados. Portas de guarda-roupas rompiam-se, o ascendente cheiro de naftalina se desmanchando no ar como tudo que \u00e9 s\u00f3lido, e os ger\u00e2nios, as orqu\u00eddeas de Mundinho do Rio do meio, as tulipas negras e os flamboyants se abriram nesse dia como jamais se abriram, era t\u00e3o monumental a tal obra que pareciam um evento divinal, era como se fosse atravessar o mar vermelho ou ver Santos Dumont decolar com seu 14 bis pela primeira vez pelos arredores de Paris.<\/p>\n<p>A multid\u00e3o se achegava ao largo como nunca antes, o vento seco e arrogante da falta de umidade e humildade do ar, batia nas cambraias estampadas e nas lycras de fios sint\u00e9ticos, nas tramas falsas das madames, e nos palet\u00f3s da ilustres sumidades presentes. Cada uma mais bem vestida que a outra, as mulheres com seus\u00a0\u00a0\u201cmodelitos\u201d tirado de novela, cheirando a guardado\u00a0\u00a0de tanto esperar por esse dia.<\/p>\n<p>Eis que rondava ao derredor da roda\u00a0\u00a0a visita aziaga de ilustres vereadores que queriam discursar e sair bem na fita, ao lado de \u201cpersonas\u201d ilustres, autoridades\u00a0\u00a0altamente internacional, exalando enxofre com \u201cAzzaro\u201d\u00a0\u00a0do Paraguai, numa esp\u00e9cie de anti-climax composto de fumo, cinzas do lugar e desodorante \u201cMistral\u201d, que contaminavam a todos, importados diretamente do reino podre da Dinamarca, para nossa querid\u00edssima e dulc\u00edssima Itoror\u00f3. Enfim a roda misteriosa logo em seguida seria batizada e crismada com a anu\u00eancia das autoridades eclesi\u00e1sticas e a indispens\u00e1vel e honrosa presen\u00e7a de Joseph Ratzinger, vossa santidade o papa Bento XVI para tornar benta \u201cA OBRA DO S\u00c9CULO. Dez horas da manh\u00e3 o bicho pegou. Finalmente a roda seria inaugurada.<\/p>\n<p>Hora do discurso e tome-lhe \u201cchaveco\u201d e propaganda. Todos bateram palmas e n\u00e3o pediram bis, Chaveco, propaganda eleitoreira, conversa fiada \u201cinrroleichon\u201d, incenso, mirra, aspers\u00f3rio, agua benta, vinho, alfaia e tome-lhe propaganda eleitoreira. O prefeito, o dono da voz, o que diz quem vive e quem morre no munic\u00edpio (porque det\u00e9m o poder da caneta), o senhor dos an\u00e9is e dos man\u00e9s, repetia bizarramente o discurso como se tivesse enganchado o disco e, todos, novamente bateram palmas num desenho m\u00e1gico, satisfeitos com a obra de mais de 1.000,000,00 (UM MILH\u00c3O DE REAIS), t\u00e3o invis\u00edvel quanto os moradores do local. Com este ato chancelamos nossa reden\u00e7\u00e3o socialista. Valeu Adroaldo! Voc\u00ea \u00e9 o cara!<\/p>\n<p>A RODA, depois de 5.500 anos de inventada pelos sum\u00e9rios, e por conta da burocracia dos mil\u00eanios e dos s\u00e9culos, finalmente o prefeito de Itoror\u00f3 Adroaldo Almeida consegue inaugurar a roda.<\/p>\n<p>A foto \u00e9 oficial, a obra \u00e9 fict\u00edcia. Qualquer semelhan\u00e7a com a ideia que voc\u00ea tem do nada, n\u00e3o \u00e9 mera coincid\u00eancia n\u00e3o. \u00c9 o nada mesmo em toda sua plenitude e concep\u00e7\u00e3o. Adroaldo \u00e9 merecedor do urso de Berlim e da Palma de ouro em Cannes. Pr\u00eamios concedidos aos grandes do cinema mundial.<\/p>\n<p><strong><em><br \/>\n<\/em><\/strong><\/p>\n<\/div>\n<\/div>\n","protected":false},"excerpt":{"rendered":"<p>Por MILTON MARINHO ITOROR\u00d3: No dia 22 de agosto, o prefeito Adroaldo Almeida inaugurou uma grande obra no munic\u00edpio. A pra\u00e7a que leva o nome de um ex-prefeito muito bem conceituado entre n\u00f3s. A homenagem era merecidamente para nada mais, nada menos, que o saudoso amigo do povo de Itoror\u00f3, Jos\u00e9 Ferreira Pinto. At\u00e9 a\u00ed [&hellip;]<\/p>\n","protected":false},"author":2,"featured_media":0,"comment_status":"open","ping_status":"open","sticky":false,"template":"","format":"standard","meta":{"footnotes":"","_links_to":"","_links_to_target":""},"categories":[1],"tags":[],"class_list":["post-8079","post","type-post","status-publish","format-standard","hentry","category-geral"],"views":1471,"_links":{"self":[{"href":"https:\/\/www.sudoestehoje.com.br\/novoportal\/wp-json\/wp\/v2\/posts\/8079","targetHints":{"allow":["GET"]}}],"collection":[{"href":"https:\/\/www.sudoestehoje.com.br\/novoportal\/wp-json\/wp\/v2\/posts"}],"about":[{"href":"https:\/\/www.sudoestehoje.com.br\/novoportal\/wp-json\/wp\/v2\/types\/post"}],"author":[{"embeddable":true,"href":"https:\/\/www.sudoestehoje.com.br\/novoportal\/wp-json\/wp\/v2\/users\/2"}],"replies":[{"embeddable":true,"href":"https:\/\/www.sudoestehoje.com.br\/novoportal\/wp-json\/wp\/v2\/comments?post=8079"}],"version-history":[{"count":6,"href":"https:\/\/www.sudoestehoje.com.br\/novoportal\/wp-json\/wp\/v2\/posts\/8079\/revisions"}],"predecessor-version":[{"id":8086,"href":"https:\/\/www.sudoestehoje.com.br\/novoportal\/wp-json\/wp\/v2\/posts\/8079\/revisions\/8086"}],"wp:attachment":[{"href":"https:\/\/www.sudoestehoje.com.br\/novoportal\/wp-json\/wp\/v2\/media?parent=8079"}],"wp:term":[{"taxonomy":"category","embeddable":true,"href":"https:\/\/www.sudoestehoje.com.br\/novoportal\/wp-json\/wp\/v2\/categories?post=8079"},{"taxonomy":"post_tag","embeddable":true,"href":"https:\/\/www.sudoestehoje.com.br\/novoportal\/wp-json\/wp\/v2\/tags?post=8079"}],"curies":[{"name":"wp","href":"https:\/\/api.w.org\/{rel}","templated":true}]}}