
{"id":80757,"date":"2019-07-06T18:47:00","date_gmt":"2019-07-06T21:47:00","guid":{"rendered":"https:\/\/www.sudoestehoje.com.br\/novoportal\/?p=80757"},"modified":"2019-07-06T19:11:13","modified_gmt":"2019-07-06T22:11:13","slug":"morre-joao-gilberto-o-pai-da-bossa-nova","status":"publish","type":"post","link":"https:\/\/www.sudoestehoje.com.br\/novoportal\/2019\/07\/06\/morre-joao-gilberto-o-pai-da-bossa-nova\/","title":{"rendered":"MORRE JO\u00c3O GILBERTO, O \u201cPAI DA BOSSA NOVA\u201d"},"content":{"rendered":"<p><a href=\"https:\/\/www.sudoestehoje.com.br\/novoportal\/wp-content\/uploads\/2019\/07\/joao-gilberto-1000x530.jpg\"><img loading=\"lazy\" decoding=\"async\" class=\"aligncenter size-medium wp-image-80759\" src=\"https:\/\/www.sudoestehoje.com.br\/novoportal\/wp-content\/uploads\/2019\/07\/joao-gilberto-1000x530-500x265.jpg\" alt=\"\" width=\"500\" height=\"265\" srcset=\"https:\/\/www.sudoestehoje.com.br\/novoportal\/wp-content\/uploads\/2019\/07\/joao-gilberto-1000x530-500x265.jpg 500w, https:\/\/www.sudoestehoje.com.br\/novoportal\/wp-content\/uploads\/2019\/07\/joao-gilberto-1000x530-768x407.jpg 768w, https:\/\/www.sudoestehoje.com.br\/novoportal\/wp-content\/uploads\/2019\/07\/joao-gilberto-1000x530-700x371.jpg 700w, https:\/\/www.sudoestehoje.com.br\/novoportal\/wp-content\/uploads\/2019\/07\/joao-gilberto-1000x530.jpg 1000w\" sizes=\"auto, (max-width: 500px) 100vw, 500px\" \/><\/a><\/p>\n<p>O cantor e violonista baiano, Jo\u00e3o Gilberto, morreu neste s\u00e1bado (6), aos 88 anos. A causa da morte ainda n\u00e3o foi divulgada. A informa\u00e7\u00e3o foi confirmada pelo seu filho, Jo\u00e3o Marcelo Gilberto, que mora nos Estados Unidos. Al\u00e9m de Jo\u00e3o Marcelo, o \u00edcone da bossa nova deixa tamb\u00e9m duas filhas, Bebel e Luisa.<\/p>\n<p>Jo\u00e3o Gilberto Prado Pereira de Oliveira concluiu em 1961 a trilogia de \u00e1lbuns fundamentais que apresentaram a Bossa Nova ao mundo, foram eles \u201cChega de saudade\u201d (1959), \u201cO amor, o sorriso e a flor\u201d (1960) e \u201cJo\u00e3o Gilberto\u201d de 1961.<\/p>\n<p>O artista n\u00e3o parou com suas cria\u00e7\u00f5es e seguiu com shows e discos que se tornaram obras de arte, como \u201cAmoroso\u201d, \u00e1lbum gravado nos Estados Unidos entre 1976 e 1977 sob o selo Warner Music.<\/p>\n<p>No Brasil, o disco foi relan\u00e7ado em formato longo no ano passado, durante os festejos dos 60 anos da Bossa Nova. O \u00e1lbum celebra o encontro harmonioso do artista brasileiro com o maestro alem\u00e3o Claus Ogerman (1930 \u2013 2016).<\/p>\n<p>Jo\u00e3o Gilberto era natural da cidade de Juazeiro, no norte da Bahia. <strong><em>Confira v\u00eddeo:<\/em><\/strong><\/p>\n<p><iframe loading=\"lazy\" title=\"Jo\u00e3o Gilberto - CHEGA DE SAUDADE - Antonio Carlos Jobim &amp; Vin\u00edcius de Moraes\" width=\"500\" height=\"375\" src=\"https:\/\/www.youtube.com\/embed\/hApTj2E029k?start=15&#038;feature=oembed\" frameborder=\"0\" allow=\"accelerometer; autoplay; clipboard-write; encrypted-media; gyroscope; picture-in-picture; web-share\" referrerpolicy=\"strict-origin-when-cross-origin\" allowfullscreen><\/iframe><\/p>\n","protected":false},"excerpt":{"rendered":"<p>O cantor e violonista baiano, Jo\u00e3o Gilberto, morreu neste s\u00e1bado (6), aos 88 anos. A causa da morte ainda n\u00e3o foi divulgada. A informa\u00e7\u00e3o foi confirmada pelo seu filho, Jo\u00e3o Marcelo Gilberto, que mora nos Estados Unidos. Al\u00e9m de Jo\u00e3o Marcelo, o \u00edcone da bossa nova deixa tamb\u00e9m duas filhas, Bebel e Luisa. Jo\u00e3o Gilberto [&hellip;]<\/p>\n","protected":false},"author":2,"featured_media":80759,"comment_status":"open","ping_status":"open","sticky":false,"template":"","format":"standard","meta":{"footnotes":"","_links_to":"","_links_to_target":""},"categories":[1],"tags":[],"class_list":["post-80757","post","type-post","status-publish","format-standard","has-post-thumbnail","hentry","category-geral"],"views":727,"_links":{"self":[{"href":"https:\/\/www.sudoestehoje.com.br\/novoportal\/wp-json\/wp\/v2\/posts\/80757","targetHints":{"allow":["GET"]}}],"collection":[{"href":"https:\/\/www.sudoestehoje.com.br\/novoportal\/wp-json\/wp\/v2\/posts"}],"about":[{"href":"https:\/\/www.sudoestehoje.com.br\/novoportal\/wp-json\/wp\/v2\/types\/post"}],"author":[{"embeddable":true,"href":"https:\/\/www.sudoestehoje.com.br\/novoportal\/wp-json\/wp\/v2\/users\/2"}],"replies":[{"embeddable":true,"href":"https:\/\/www.sudoestehoje.com.br\/novoportal\/wp-json\/wp\/v2\/comments?post=80757"}],"version-history":[{"count":3,"href":"https:\/\/www.sudoestehoje.com.br\/novoportal\/wp-json\/wp\/v2\/posts\/80757\/revisions"}],"predecessor-version":[{"id":80763,"href":"https:\/\/www.sudoestehoje.com.br\/novoportal\/wp-json\/wp\/v2\/posts\/80757\/revisions\/80763"}],"wp:featuredmedia":[{"embeddable":true,"href":"https:\/\/www.sudoestehoje.com.br\/novoportal\/wp-json\/wp\/v2\/media\/80759"}],"wp:attachment":[{"href":"https:\/\/www.sudoestehoje.com.br\/novoportal\/wp-json\/wp\/v2\/media?parent=80757"}],"wp:term":[{"taxonomy":"category","embeddable":true,"href":"https:\/\/www.sudoestehoje.com.br\/novoportal\/wp-json\/wp\/v2\/categories?post=80757"},{"taxonomy":"post_tag","embeddable":true,"href":"https:\/\/www.sudoestehoje.com.br\/novoportal\/wp-json\/wp\/v2\/tags?post=80757"}],"curies":[{"name":"wp","href":"https:\/\/api.w.org\/{rel}","templated":true}]}}