
{"id":80725,"date":"2019-07-01T22:17:17","date_gmt":"2019-07-02T01:17:17","guid":{"rendered":"https:\/\/www.sudoestehoje.com.br\/novoportal\/?p=80725"},"modified":"2019-07-04T22:23:58","modified_gmt":"2019-07-05T01:23:58","slug":"itapetinga-pedro-tavares-destaca-sao-pedro-realizado-em-bandeira-do-colonia","status":"publish","type":"post","link":"https:\/\/www.sudoestehoje.com.br\/novoportal\/2019\/07\/01\/itapetinga-pedro-tavares-destaca-sao-pedro-realizado-em-bandeira-do-colonia\/","title":{"rendered":"ITAPETINGA: PEDRO TAVARES DESTACA S\u00c3O PEDRO REALIZADO EM BANDEIRA DO COL\u00d4NIA"},"content":{"rendered":"<div><a href=\"https:\/\/www.sudoestehoje.com.br\/novoportal\/wp-content\/uploads\/2019\/06\/ban-1.jpg\"><img loading=\"lazy\" decoding=\"async\" class=\"aligncenter size-medium wp-image-80653\" src=\"https:\/\/www.sudoestehoje.com.br\/novoportal\/wp-content\/uploads\/2019\/06\/ban-1-500x333.jpg\" alt=\"\" width=\"500\" height=\"333\" srcset=\"https:\/\/www.sudoestehoje.com.br\/novoportal\/wp-content\/uploads\/2019\/06\/ban-1-500x333.jpg 500w, https:\/\/www.sudoestehoje.com.br\/novoportal\/wp-content\/uploads\/2019\/06\/ban-1-768x512.jpg 768w, https:\/\/www.sudoestehoje.com.br\/novoportal\/wp-content\/uploads\/2019\/06\/ban-1-700x467.jpg 700w, https:\/\/www.sudoestehoje.com.br\/novoportal\/wp-content\/uploads\/2019\/06\/ban-1.jpg 960w\" sizes=\"auto, (max-width: 500px) 100vw, 500px\" \/><\/a><\/div>\n<div>\n<p>Presente no S\u00e3o Pedro do Distrito de Bandeira do Col\u00f4nia, em Itapetinga, o deputado estadual Pedro Tavares (DEM), destacou a realiza\u00e7\u00e3o da tradicional festa pela gest\u00e3o municipal.<\/p>\n<p>\u201cDepois de um grande S\u00e3o Jo\u00e3o, Itapetinga realizou tamb\u00e9m um forte S\u00e3o Pedro. Isso mostra o compromisso do prefeito Rodrigo e de sua equipe com a popula\u00e7\u00e3o e com as tradi\u00e7\u00f5es da cidade\u201d, afirmou.<\/p>\n<p>O parlamentar prestigiou o festejo ao lado do prefeito Rodrigo Hagge, do vice-prefeito Renan Pereira, de secret\u00e1rios e diversos amigos.\u00a0 \u201c\u00c9 sempre uma satisfa\u00e7\u00e3o visitar Itapetinga, esse lugar onde fiz muitos amigos e onde tive a maior vota\u00e7\u00e3o de minha hist\u00f3ria pol\u00edtica. Foi uma alegria presenciar mais uma vez esse momento de anima\u00e7\u00e3o junto aos amigos dessa cidade especial\u201d, afirmou.<\/p>\n<p>Tavares ressaltou as atra\u00e7\u00f5es que animaram o p\u00fablico, durante os dois dias de festejos. Ele assistiu a apresenta\u00e7\u00e3o da banda Trio da Huanna.<\/p>\n<p>Por fim, o deputado relatou a import\u00e2ncia do evento para a preserva\u00e7\u00e3o da identidade cultural do povo.<\/p>\n<\/div>\n","protected":false},"excerpt":{"rendered":"<p>Presente no S\u00e3o Pedro do Distrito de Bandeira do Col\u00f4nia, em Itapetinga, o deputado estadual Pedro Tavares (DEM), destacou a realiza\u00e7\u00e3o da tradicional festa pela gest\u00e3o municipal. \u201cDepois de um grande S\u00e3o Jo\u00e3o, Itapetinga realizou tamb\u00e9m um forte S\u00e3o Pedro. Isso mostra o compromisso do prefeito Rodrigo e de sua equipe com a popula\u00e7\u00e3o e [&hellip;]<\/p>\n","protected":false},"author":2,"featured_media":80653,"comment_status":"open","ping_status":"open","sticky":false,"template":"","format":"standard","meta":{"footnotes":"","_links_to":"","_links_to_target":""},"categories":[1],"tags":[],"class_list":["post-80725","post","type-post","status-publish","format-standard","has-post-thumbnail","hentry","category-geral"],"views":679,"_links":{"self":[{"href":"https:\/\/www.sudoestehoje.com.br\/novoportal\/wp-json\/wp\/v2\/posts\/80725","targetHints":{"allow":["GET"]}}],"collection":[{"href":"https:\/\/www.sudoestehoje.com.br\/novoportal\/wp-json\/wp\/v2\/posts"}],"about":[{"href":"https:\/\/www.sudoestehoje.com.br\/novoportal\/wp-json\/wp\/v2\/types\/post"}],"author":[{"embeddable":true,"href":"https:\/\/www.sudoestehoje.com.br\/novoportal\/wp-json\/wp\/v2\/users\/2"}],"replies":[{"embeddable":true,"href":"https:\/\/www.sudoestehoje.com.br\/novoportal\/wp-json\/wp\/v2\/comments?post=80725"}],"version-history":[{"count":3,"href":"https:\/\/www.sudoestehoje.com.br\/novoportal\/wp-json\/wp\/v2\/posts\/80725\/revisions"}],"predecessor-version":[{"id":80728,"href":"https:\/\/www.sudoestehoje.com.br\/novoportal\/wp-json\/wp\/v2\/posts\/80725\/revisions\/80728"}],"wp:featuredmedia":[{"embeddable":true,"href":"https:\/\/www.sudoestehoje.com.br\/novoportal\/wp-json\/wp\/v2\/media\/80653"}],"wp:attachment":[{"href":"https:\/\/www.sudoestehoje.com.br\/novoportal\/wp-json\/wp\/v2\/media?parent=80725"}],"wp:term":[{"taxonomy":"category","embeddable":true,"href":"https:\/\/www.sudoestehoje.com.br\/novoportal\/wp-json\/wp\/v2\/categories?post=80725"},{"taxonomy":"post_tag","embeddable":true,"href":"https:\/\/www.sudoestehoje.com.br\/novoportal\/wp-json\/wp\/v2\/tags?post=80725"}],"curies":[{"name":"wp","href":"https:\/\/api.w.org\/{rel}","templated":true}]}}